{"id":7988,"date":"2016-10-15T16:22:00","date_gmt":"2016-10-15T19:22:00","guid":{"rendered":"http:\/\/blogdoedvaldomagalhaes.com.br\/index.php\/2016\/10\/15\/vice-presidente-do-psb-apoia-raque\/"},"modified":"2019-02-09T01:02:56","modified_gmt":"2019-02-09T03:02:56","slug":"vice-presidente-do-psb-apoia-raque","status":"publish","type":"post","link":"https:\/\/blogdoedvaldomagalhaes.com.br\/index.php\/2016\/10\/15\/vice-presidente-do-psb-apoia-raque\/","title":{"rendered":"Vice-presidente do PSB ap\u00f3ia Raquel Lyra e participa de caminhada"},"content":{"rendered":"<div class=\"separator\" style=\"clear: both; text-align: center;\">\n<a href=\"https:\/\/1.bp.blogspot.com\/-oSCKrUiT7E4\/WAJWfBCJRBI\/AAAAAAAAIPQ\/lXNW7M3Smkw2O7ZrOkEnYm8RTaJRADiRwCLcB\/s1600\/raquel.jpg\" imageanchor=\"1\" style=\"margin-left: 1em; margin-right: 1em;\"><img loading=\"lazy\" decoding=\"async\" border=\"0\" height=\"266\" src=\"http:\/\/blogdoedvaldomagalhaes.com.br\/wp-content\/uploads\/2016\/10\/raquel-3.jpg\" width=\"400\" \/><\/a><\/div>\n<div class=\"separator\" style=\"clear: both; text-align: center;\">\n<\/div>\n<div style=\"text-align: justify;\">\nO vice-presidente estadual do PSB, Luciano Vasquez esteve, na noite dessa sexta-feira (14), em agenda de campanha da candidata a prefeita de Caruaru, Raquel Lyra (PSDB). O socialista participou de uma caminhada nos bairros Boa Vista I e II ao lado da candidata, do vice Rodrigo Pinheiro (PSDB) e do ex-governador Jo\u00e3o Lyra Neto (PSDB). Vasquez ressaltou as qualidades e o compromisso da sua ex-companheira de partido com a Capital do Agreste.<\/div>\n<div style=\"text-align: justify;\">\n<\/div>\n<div style=\"text-align: justify;\">\n\u201cEu n\u00e3o poderia faltar com a palavra e o apoio a Raquel Lyra, uma deputada que honrou o nosso partido, o nosso lado. Digo aqui que tem muito socialista do PSB torcendo por voc\u00ea. No dia 30 vamos escutar uma s\u00f3 voz em Caruaru, que \u00e9 da mudan\u00e7a, da juventude e da compet\u00eancia, com mais sa\u00fade, educa\u00e7\u00e3o, mobilidade e seguran\u00e7a. Em Caruaru s\u00e3o duas propostas diferentes: aqui a do futuro e l\u00e1 a do atraso, que teve a oportunidade de fazer e n\u00e3o fez\u201d, discursou Vasquez, no palanque.<\/p>\n<div class=\"separator\" style=\"clear: both; text-align: center;\">\n<a href=\"https:\/\/4.bp.blogspot.com\/-vzvBtGY-OSk\/WAJhRO85ycI\/AAAAAAAAIP0\/y1M84O7fji8txmD-z_b2G-bv7N3qcmB8gCLcB\/s1600\/colcar.jpg\" imageanchor=\"1\" style=\"margin-left: 1em; margin-right: 1em;\"><img loading=\"lazy\" decoding=\"async\" border=\"0\" height=\"266\" src=\"http:\/\/blogdoedvaldomagalhaes.com.br\/wp-content\/uploads\/2016\/10\/colcar.jpg\" width=\"400\" \/><\/a><\/div>\n<p><\/div>\n<div style=\"text-align: justify;\">\nRaquel agradeceu a presen\u00e7a do socialista na caminhada e lembrou o ex-governador Eduardo Campos. \u201cLuciano \u00e9 meu parceiro de longa jornada, fui 12 anos do PSB e me sinto muita honrada em t\u00ea-lo no meu palanque, porque ele representa o sonho que Eduardo representou por tanto tempo em nosso estado, com a boa pol\u00edtica e a sabedoria de que ningu\u00e9m faz nada sozinho\u201d, ressaltou.<\/div>\n","protected":false},"excerpt":{"rendered":"<p>O vice-presidente estadual do PSB, Luciano Vasquez esteve, na noite dessa sexta-feira (14), em agenda de campanha da candidata a&hellip;<\/p>\n","protected":false},"author":1,"featured_media":0,"comment_status":"open","ping_status":"open","sticky":false,"template":"","format":"standard","meta":{"footnotes":""},"categories":[1],"tags":[2,11431,2567,11244,1766,11737],"class_list":["post-7988","post","type-post","status-publish","format-standard","hentry","category-sem-categoria","tag-blog-do-edvaldo-magalhaes","tag-eleicoes-2016","tag-joao-lyra-neto","tag-luciano-vasquez","tag-rodrigo-pinheiro","tag-vice-presidente-do-psb-apoia-raquel-lyra-e-participa-de-caminhada"],"_links":{"self":[{"href":"https:\/\/blogdoedvaldomagalhaes.com.br\/index.php\/wp-json\/wp\/v2\/posts\/7988","targetHints":{"allow":["GET"]}}],"collection":[{"href":"https:\/\/blogdoedvaldomagalhaes.com.br\/index.php\/wp-json\/wp\/v2\/posts"}],"about":[{"href":"https:\/\/blogdoedvaldomagalhaes.com.br\/index.php\/wp-json\/wp\/v2\/types\/post"}],"author":[{"embeddable":true,"href":"https:\/\/blogdoedvaldomagalhaes.com.br\/index.php\/wp-json\/wp\/v2\/users\/1"}],"replies":[{"embeddable":true,"href":"https:\/\/blogdoedvaldomagalhaes.com.br\/index.php\/wp-json\/wp\/v2\/comments?post=7988"}],"version-history":[{"count":1,"href":"https:\/\/blogdoedvaldomagalhaes.com.br\/index.php\/wp-json\/wp\/v2\/posts\/7988\/revisions"}],"predecessor-version":[{"id":13299,"href":"https:\/\/blogdoedvaldomagalhaes.com.br\/index.php\/wp-json\/wp\/v2\/posts\/7988\/revisions\/13299"}],"wp:attachment":[{"href":"https:\/\/blogdoedvaldomagalhaes.com.br\/index.php\/wp-json\/wp\/v2\/media?parent=7988"}],"wp:term":[{"taxonomy":"category","embeddable":true,"href":"https:\/\/blogdoedvaldomagalhaes.com.br\/index.php\/wp-json\/wp\/v2\/categories?post=7988"},{"taxonomy":"post_tag","embeddable":true,"href":"https:\/\/blogdoedvaldomagalhaes.com.br\/index.php\/wp-json\/wp\/v2\/tags?post=7988"}],"curies":[{"name":"wp","href":"https:\/\/api.w.org\/{rel}","templated":true}]}}