{"id":7987,"date":"2016-10-15T16:45:00","date_gmt":"2016-10-15T19:45:00","guid":{"rendered":"http:\/\/blogdoedvaldomagalhaes.com.br\/index.php\/2016\/10\/15\/joao-campos-o-psb-aqui-tem-lado-e-o-de\/"},"modified":"2019-02-09T01:02:57","modified_gmt":"2019-02-09T03:02:57","slug":"joao-campos-o-psb-aqui-tem-lado-e-o-de","status":"publish","type":"post","link":"https:\/\/blogdoedvaldomagalhaes.com.br\/index.php\/2016\/10\/15\/joao-campos-o-psb-aqui-tem-lado-e-o-de\/","title":{"rendered":"Jo\u00e3o Campos: &#8220;O PSB aqui tem lado e o de verdade t\u00e1 aqui&#8221;"},"content":{"rendered":"<div class=\"separator\" style=\"clear: both; text-align: center;\">\n<a href=\"https:\/\/2.bp.blogspot.com\/-cFZiBP5xkWY\/WAJbEuqMlLI\/AAAAAAAAIPc\/Ha-veRYE5t4nNCsEA7brBZlnJICiKrgwQCLcB\/s1600\/jo%25C3%25A3o%2Bcampos.jpg\" imageanchor=\"1\" style=\"margin-left: 1em; margin-right: 1em;\"><img loading=\"lazy\" decoding=\"async\" border=\"0\" height=\"266\" src=\"http:\/\/blogdoedvaldomagalhaes.com.br\/wp-content\/uploads\/2016\/10\/joC3A3ocampos.jpg\" width=\"400\" \/><\/a><\/div>\n<div class=\"separator\" style=\"clear: both; text-align: center;\">\n<\/div>\n<div style=\"background-color: white; border: 0px; margin-bottom: 1.5em; outline: 0px; padding: 0px; text-align: justify; vertical-align: baseline;\">\nO candidato peemedebista Tony Gel recebeu a alta c\u00fapula do PSB em Pernambuco, na manh\u00e3 deste s\u00e1bado (15), em seu comit\u00ea pol\u00edtico, na avenida Agamenon Magalh\u00e3es. Estiveram presentes o presidente do partido no estado, Sileno Guedes, o secret\u00e1rio de estado Milton Coelho e o filho de Eduardo Campos, Jo\u00e3o Campos. A fala que mais chamou a aten\u00e7\u00e3o foi justamente do filho de Eduardo.&nbsp;<\/div>\n<div style=\"background-color: white; border: 0px; margin-bottom: 1.5em; outline: 0px; padding: 0px; text-align: justify; vertical-align: baseline;\">\nJo\u00e3o Campos disse: \u201cO PSB aqui tem lado e o de verdade t\u00e1 aqui. No primeiro turno votamos no candidato do PSB, o companheiro Jorge Gomes, e agora a Frente Popular aqui vai de Tony Gel. Ele militou sempre num campo oposto ao do meu pai, mas sempre existiu muito respeito\u201d.&nbsp;<\/div>\n<div style=\"background-color: white; border: 0px; margin-bottom: 1.5em; outline: 0px; padding: 0px; text-align: justify; vertical-align: baseline;\">\nTony Gel agradeceu o apoio. \u201c\u00c9 uma honra receber o apoio do PSB e contar com a presen\u00e7a de Jo\u00e3o Campos. Mas o apoio do governo do estado vai tamb\u00e9m ser fundamental para a pr\u00f3xima gest\u00e3o\u201d.&nbsp;<\/div>\n<div style=\"background-color: white; border: 0px; margin-bottom: 1.5em; outline: 0px; padding: 0px; text-align: justify; vertical-align: baseline;\">\nEstiveram presentes ainda os prefeitos eleitos de Toritama, Edilson Tavares e de Agrestina, Thiago Nunes, al\u00e9m de vereadores eleitos pela chapa de Tony Gel, entre outras pessoas.&nbsp;<\/div>\n","protected":false},"excerpt":{"rendered":"<p>O candidato peemedebista Tony Gel recebeu a alta c\u00fapula do PSB em Pernambuco, na manh\u00e3 deste s\u00e1bado (15), em seu&hellip;<\/p>\n","protected":false},"author":1,"featured_media":0,"comment_status":"open","ping_status":"open","sticky":false,"template":"","format":"standard","meta":{"footnotes":""},"categories":[1],"tags":[2,3307,6658,11431,11735,11736,6661,6836,995],"class_list":["post-7987","post","type-post","status-publish","format-standard","hentry","category-sem-categoria","tag-blog-do-edvaldo-magalhaes","tag-edilson-tavares","tag-eduardo-campos","tag-eleicoes-2016","tag-joao-campos-o-psb-aqui-tem-lado-e-o-de-verdade-ta-aqui","tag-milton-coelho","tag-sileno-guedes","tag-thiago-nunes","tag-tony-gel"],"_links":{"self":[{"href":"https:\/\/blogdoedvaldomagalhaes.com.br\/index.php\/wp-json\/wp\/v2\/posts\/7987","targetHints":{"allow":["GET"]}}],"collection":[{"href":"https:\/\/blogdoedvaldomagalhaes.com.br\/index.php\/wp-json\/wp\/v2\/posts"}],"about":[{"href":"https:\/\/blogdoedvaldomagalhaes.com.br\/index.php\/wp-json\/wp\/v2\/types\/post"}],"author":[{"embeddable":true,"href":"https:\/\/blogdoedvaldomagalhaes.com.br\/index.php\/wp-json\/wp\/v2\/users\/1"}],"replies":[{"embeddable":true,"href":"https:\/\/blogdoedvaldomagalhaes.com.br\/index.php\/wp-json\/wp\/v2\/comments?post=7987"}],"version-history":[{"count":1,"href":"https:\/\/blogdoedvaldomagalhaes.com.br\/index.php\/wp-json\/wp\/v2\/posts\/7987\/revisions"}],"predecessor-version":[{"id":13301,"href":"https:\/\/blogdoedvaldomagalhaes.com.br\/index.php\/wp-json\/wp\/v2\/posts\/7987\/revisions\/13301"}],"wp:attachment":[{"href":"https:\/\/blogdoedvaldomagalhaes.com.br\/index.php\/wp-json\/wp\/v2\/media?parent=7987"}],"wp:term":[{"taxonomy":"category","embeddable":true,"href":"https:\/\/blogdoedvaldomagalhaes.com.br\/index.php\/wp-json\/wp\/v2\/categories?post=7987"},{"taxonomy":"post_tag","embeddable":true,"href":"https:\/\/blogdoedvaldomagalhaes.com.br\/index.php\/wp-json\/wp\/v2\/tags?post=7987"}],"curies":[{"name":"wp","href":"https:\/\/api.w.org\/{rel}","templated":true}]}}