{"id":7986,"date":"2016-10-15T17:18:00","date_gmt":"2016-10-15T20:18:00","guid":{"rendered":"http:\/\/blogdoedvaldomagalhaes.com.br\/index.php\/2016\/10\/15\/veja-o-que-abre-e-o-que-fecha-nesta\/"},"modified":"2019-02-09T01:02:58","modified_gmt":"2019-02-09T03:02:58","slug":"veja-o-que-abre-e-o-que-fecha-nesta","status":"publish","type":"post","link":"https:\/\/blogdoedvaldomagalhaes.com.br\/index.php\/2016\/10\/15\/veja-o-que-abre-e-o-que-fecha-nesta\/","title":{"rendered":"Veja o que abre e o que fecha nesta segunda (17) dia do Comerci\u00e1rio"},"content":{"rendered":"<p><\/p>\n<div class=\"separator\" style=\"clear: both; text-align: center;\">\n<a href=\"https:\/\/4.bp.blogspot.com\/-zMngIAWFXqo\/WAJkN_aIJTI\/AAAAAAAAIQA\/2rcKW3K0VugmjEJ-dDl9FZI8ZLQqr2l-wCLcB\/s1600\/abre.jpg\" imageanchor=\"1\" style=\"margin-left: 1em; margin-right: 1em;\"><img loading=\"lazy\" decoding=\"async\" border=\"0\" height=\"240\" src=\"http:\/\/blogdoedvaldomagalhaes.com.br\/wp-content\/uploads\/2016\/10\/abre.jpg\" width=\"400\" \/><\/a><\/div>\n<div style=\"text-align: justify;\">\n<\/div>\n<div style=\"text-align: justify;\">\nNesta segunda-feira (17) comemora-se o Dia do Comerci\u00e1rio, em Caruaru. Com isto, a Feira da Sulanca foi adiada para ter\u00e7a-feira (18). Todo o com\u00e9rcio da cidade &nbsp;n\u00e3o abre as portas. As Ciretrans e postos do Detran-PE estar\u00e3o fechados. Os cart\u00f3rios de registro civil funcionam normalmente.<\/div>\n<div style=\"text-align: justify;\">\n<\/div>\n<div style=\"text-align: justify;\">\n<\/div>\n<p><\/p>\n<div style=\"text-align: justify;\">\nN\u00e3o haver\u00e1 expediente no Polo Caruaru amanh\u00e3. O Caruaru Shopping funciona em hor\u00e1rio especial: todas as lojas estar\u00e3o fechadas, todavia, a Pra\u00e7a de Alimenta\u00e7\u00e3o e o boliche funcionam das 12h \u00e0s 21h. O cinema ter\u00e1 exibi\u00e7\u00f5es conforme o hor\u00e1rio das sess\u00f5es.&nbsp;No Shopping Difusora, as lojas e quiosques estar\u00e3o fechados, funcionando apenas a pra\u00e7a de alimenta\u00e7\u00e3o, das 11h \u00e1s 21h, Play Toy\/Espa\u00e7o para crian\u00e7a e o cinema, das 12h30 \u00e1s 21h20.<\/p>\n<div style=\"text-align: justify;\">\nOs parques ambientais de Caruaru funcionam normalmente. Na sa\u00fade, os servi\u00e7os de car\u00e1ter essencial funcionam normalmente, ou seja, as urg\u00eancias e emerg\u00eancias da Policl\u00ednica do Salgado, UPA do bairro Vassoural, Hospital Manoel Afonso, Hospital do Cora\u00e7\u00e3o e Maternidade Casa de Sa\u00fade Bom Jesus.<\/div>\n<p>\nNas cidades de Toritama e Santa Cruz do Capibaribe, o com\u00e9rcio ir\u00e1 funcionar normalmente nesta segunda-feira. O Parque das Feiras, em Toritama, e o Moda Center, em Santa Cruz, estar\u00e3o abertos.<\/p>\n<\/div>\n<p><\/p>\n<div style=\"text-align: justify;\">\n<\/div>\n<p><\/p>\n<div style=\"text-align: justify;\">\nNo dia de 15 de Outubro comemora-se o Dia do Professor, por\u00e9m, foi adiado para esta segunda-feira (17), neste caso, n\u00e3o haver\u00e1 aula nas escolas da rede municipal de ensino e nem expediente na Secretaria Municipal de Educa\u00e7\u00e3o. As aulas e as atividades na Secretaria de Educa\u00e7\u00e3o de Caruaru retornam na ter\u00e7a-feira &nbsp;(18).<\/div>\n<p><\/p>\n<div style=\"text-align: justify;\">\n<\/div>\n<p><\/p>\n<div class=\"separator\" style=\"clear: both; text-align: center;\">\n<a href=\"https:\/\/1.bp.blogspot.com\/-akEGkdAi7As\/WAJker2keOI\/AAAAAAAAIQE\/RfNY002A5V8IFjBdYCXqLw3Nict7tDGEgCLcB\/s1600\/dia%2Bdo%2Bprofessor.jpg\" imageanchor=\"1\" style=\"margin-left: 1em; margin-right: 1em;\"><img loading=\"lazy\" decoding=\"async\" border=\"0\" height=\"268\" src=\"http:\/\/blogdoedvaldomagalhaes.com.br\/wp-content\/uploads\/2016\/10\/diadoprofessor.jpg\" width=\"400\" \/><\/a><\/div>\n","protected":false},"excerpt":{"rendered":"<p>Nesta segunda-feira (17) comemora-se o Dia do Comerci\u00e1rio, em Caruaru. Com isto, a Feira da Sulanca foi adiada para ter\u00e7a-feira&hellip;<\/p>\n","protected":false},"author":1,"featured_media":0,"comment_status":"open","ping_status":"open","sticky":false,"template":"","format":"standard","meta":{"footnotes":""},"categories":[1],"tags":[2,10169,11732,6,1518,11733,11734],"class_list":["post-7986","post","type-post","status-publish","format-standard","hentry","category-sem-categoria","tag-blog-do-edvaldo-magalhaes","tag-caruaru-shpping","tag-dia-do-professor","tag-noticias","tag-polo-caruaru","tag-secretaria-de-educacao","tag-veja-o-que-abre-e-o-que-fecha-nesta-segunda-17-dia-do-comerciario"],"_links":{"self":[{"href":"https:\/\/blogdoedvaldomagalhaes.com.br\/index.php\/wp-json\/wp\/v2\/posts\/7986","targetHints":{"allow":["GET"]}}],"collection":[{"href":"https:\/\/blogdoedvaldomagalhaes.com.br\/index.php\/wp-json\/wp\/v2\/posts"}],"about":[{"href":"https:\/\/blogdoedvaldomagalhaes.com.br\/index.php\/wp-json\/wp\/v2\/types\/post"}],"author":[{"embeddable":true,"href":"https:\/\/blogdoedvaldomagalhaes.com.br\/index.php\/wp-json\/wp\/v2\/users\/1"}],"replies":[{"embeddable":true,"href":"https:\/\/blogdoedvaldomagalhaes.com.br\/index.php\/wp-json\/wp\/v2\/comments?post=7986"}],"version-history":[{"count":1,"href":"https:\/\/blogdoedvaldomagalhaes.com.br\/index.php\/wp-json\/wp\/v2\/posts\/7986\/revisions"}],"predecessor-version":[{"id":13304,"href":"https:\/\/blogdoedvaldomagalhaes.com.br\/index.php\/wp-json\/wp\/v2\/posts\/7986\/revisions\/13304"}],"wp:attachment":[{"href":"https:\/\/blogdoedvaldomagalhaes.com.br\/index.php\/wp-json\/wp\/v2\/media?parent=7986"}],"wp:term":[{"taxonomy":"category","embeddable":true,"href":"https:\/\/blogdoedvaldomagalhaes.com.br\/index.php\/wp-json\/wp\/v2\/categories?post=7986"},{"taxonomy":"post_tag","embeddable":true,"href":"https:\/\/blogdoedvaldomagalhaes.com.br\/index.php\/wp-json\/wp\/v2\/tags?post=7986"}],"curies":[{"name":"wp","href":"https:\/\/api.w.org\/{rel}","templated":true}]}}