{"id":7985,"date":"2016-10-15T21:45:00","date_gmt":"2016-10-16T00:45:00","guid":{"rendered":"http:\/\/blogdoedvaldomagalhaes.com.br\/index.php\/2016\/10\/15\/trio-asas-da-america-perde-freio-e-bate\/"},"modified":"2019-02-09T01:02:59","modified_gmt":"2019-02-09T03:02:59","slug":"trio-asas-da-america-perde-freio-e-bate","status":"publish","type":"post","link":"https:\/\/blogdoedvaldomagalhaes.com.br\/index.php\/2016\/10\/15\/trio-asas-da-america-perde-freio-e-bate\/","title":{"rendered":"Trio Asas da Am\u00e9rica perde freio e bate em pr\u00e9dio"},"content":{"rendered":"<div class=\"separator\" style=\"clear: both; text-align: center;\">\n<a href=\"https:\/\/3.bp.blogspot.com\/-BfkXm2HK9qI\/WAKgswXdyzI\/AAAAAAAAIQo\/F65jgutKI4sU4U1g7m60NAwHXY78iamegCLcB\/s1600\/trio%2B1.jpg\" imageanchor=\"1\" style=\"margin-left: 1em; margin-right: 1em;\"><img loading=\"lazy\" decoding=\"async\" border=\"0\" height=\"338\" src=\"http:\/\/blogdoedvaldomagalhaes.com.br\/wp-content\/uploads\/2016\/10\/trio1.jpg\" width=\"400\" \/><\/a><\/div>\n<div class=\"separator\" style=\"clear: both; text-align: center;\">\n<\/div>\n<div style=\"background-color: white; line-height: 1.8; margin-bottom: 15px; padding: 0px; text-align: justify;\">\nNa manh\u00e3 deste s\u00e1bado (15) o trio el\u00e9trico Asas da Am\u00e9rica que estava estacionado, perdeu o freio e bateu em um pr\u00e9dio no centro de S\u00e3o Bento do Una (PE), \u00e1s 3hs da madruga, o motorista do trio Asas da Am\u00e9rica, deixou o trio estacionado pr\u00f3ximo a antiga maternidade, na rua Valdemar Cordeiro de Moraes, onde existe uma descida.<\/div>\n<div class=\"separator\" style=\"clear: both; text-align: center;\">\n<a href=\"https:\/\/4.bp.blogspot.com\/-1cHikMx6Ats\/WAKhANNn2TI\/AAAAAAAAIQs\/PzhSq83KOrcBuM3zrwT7WYU_iS-FP6mNACLcB\/s1600\/02.jpg\" imageanchor=\"1\" style=\"margin-left: 1em; margin-right: 1em;\"><img loading=\"lazy\" decoding=\"async\" border=\"0\" height=\"400\" src=\"http:\/\/blogdoedvaldomagalhaes.com.br\/wp-content\/uploads\/2016\/10\/02-8.jpg\" width=\"397\" \/><\/a><\/div>\n<div class=\"separator\" style=\"clear: both; text-align: center;\">\n<\/div>\n<div style=\"background-color: white; line-height: 1.8; margin-bottom: 15px; padding: 0px; text-align: justify;\">\nE por volta das 5hs o trio desceu a rua desgovernado, batendo na cobertura de uma lanchonete e continuou descendo, s\u00f3 parou quando bateu em um pr\u00e9dio que fica em frente a Secretaria de Sa\u00fade (antiga Maternidade), na esquina das ruas Joaquim Nabuco e Bento Crespo.<\/div>\n<div style=\"background-color: white; line-height: 1.8; margin-bottom: 15px; padding: 0px; text-align: justify;\">\nO motorista alegou que realizou os procedimentos de seguran\u00e7a, e n\u00e3o notou nenhuma anormalidade antes de deixar o ve\u00edculo estacionado. O acidente n\u00e3o deixou feridos, apenas danos mat\u00e9rias.<\/div>\n<div style=\"background-color: white; line-height: 1.8; margin-bottom: 15px; padding: 0px; text-align: justify;\">\nO trio havia chegado de em um evento na cidade de Caet\u00e9s (PE), onde esteve na noite dessa sexta-feira (14), e iria com a banda para a cidade de Ferreiros, no zona da Mata. Outro trio foi contratado para substitui-lo.<\/p>\n<div class=\"separator\" style=\"clear: both; text-align: center;\">\n<\/div>\n<div class=\"separator\" style=\"clear: both; text-align: center;\">\n<a href=\"https:\/\/2.bp.blogspot.com\/-kQ7YxIEkc-w\/WAKmIFjOUGI\/AAAAAAAAIRQ\/HeorqhmI468Yw1fbBrADgClBex0xNaQQQCLcB\/s1600\/trio.jpg\" imageanchor=\"1\" style=\"margin-left: 1em; margin-right: 1em;\"><img loading=\"lazy\" decoding=\"async\" border=\"0\" height=\"277\" src=\"http:\/\/blogdoedvaldomagalhaes.com.br\/wp-content\/uploads\/2016\/10\/trio.jpg\" width=\"400\" \/><\/a><\/div>\n<\/div>\n","protected":false},"excerpt":{"rendered":"<p>Na manh\u00e3 deste s\u00e1bado (15) o trio el\u00e9trico Asas da Am\u00e9rica que estava estacionado, perdeu o freio e bateu em&hellip;<\/p>\n","protected":false},"author":1,"featured_media":0,"comment_status":"open","ping_status":"open","sticky":false,"template":"","format":"standard","meta":{"footnotes":""},"categories":[1],"tags":[2,11729,11730,6,5299,11731],"class_list":["post-7985","post","type-post","status-publish","format-standard","hentry","category-sem-categoria","tag-blog-do-edvaldo-magalhaes","tag-caetes","tag-ferreiros","tag-noticias","tag-sao-bento-do-una","tag-trio-asas-da-america-perde-freio-e-bate-em-predio"],"_links":{"self":[{"href":"https:\/\/blogdoedvaldomagalhaes.com.br\/index.php\/wp-json\/wp\/v2\/posts\/7985","targetHints":{"allow":["GET"]}}],"collection":[{"href":"https:\/\/blogdoedvaldomagalhaes.com.br\/index.php\/wp-json\/wp\/v2\/posts"}],"about":[{"href":"https:\/\/blogdoedvaldomagalhaes.com.br\/index.php\/wp-json\/wp\/v2\/types\/post"}],"author":[{"embeddable":true,"href":"https:\/\/blogdoedvaldomagalhaes.com.br\/index.php\/wp-json\/wp\/v2\/users\/1"}],"replies":[{"embeddable":true,"href":"https:\/\/blogdoedvaldomagalhaes.com.br\/index.php\/wp-json\/wp\/v2\/comments?post=7985"}],"version-history":[{"count":1,"href":"https:\/\/blogdoedvaldomagalhaes.com.br\/index.php\/wp-json\/wp\/v2\/posts\/7985\/revisions"}],"predecessor-version":[{"id":13308,"href":"https:\/\/blogdoedvaldomagalhaes.com.br\/index.php\/wp-json\/wp\/v2\/posts\/7985\/revisions\/13308"}],"wp:attachment":[{"href":"https:\/\/blogdoedvaldomagalhaes.com.br\/index.php\/wp-json\/wp\/v2\/media?parent=7985"}],"wp:term":[{"taxonomy":"category","embeddable":true,"href":"https:\/\/blogdoedvaldomagalhaes.com.br\/index.php\/wp-json\/wp\/v2\/categories?post=7985"},{"taxonomy":"post_tag","embeddable":true,"href":"https:\/\/blogdoedvaldomagalhaes.com.br\/index.php\/wp-json\/wp\/v2\/tags?post=7985"}],"curies":[{"name":"wp","href":"https:\/\/api.w.org\/{rel}","templated":true}]}}