{"id":7981,"date":"2016-10-16T13:12:00","date_gmt":"2016-10-16T15:12:00","guid":{"rendered":"http:\/\/blogdoedvaldomagalhaes.com.br\/index.php\/2016\/10\/16\/agenda-dos-candidatos-tony-gel-e-raquel_16\/"},"modified":"2019-02-09T01:03:01","modified_gmt":"2019-02-09T03:03:01","slug":"agenda-dos-candidatos-tony-gel-e-raquel_16","status":"publish","type":"post","link":"https:\/\/blogdoedvaldomagalhaes.com.br\/index.php\/2016\/10\/16\/agenda-dos-candidatos-tony-gel-e-raquel_16\/","title":{"rendered":"Agenda dos candidatos Tony Gel e Raquel Lyra neste domingo (16)"},"content":{"rendered":"<div class=\"separator\" style=\"clear: both; text-align: center;\">\n<a href=\"https:\/\/1.bp.blogspot.com\/-SKBd9On1Tus\/WAK6mVYYp6I\/AAAAAAAAIR4\/qhlo28PlAwc3mraHlzG5WpnKuRQfbS7jwCLcB\/s1600\/Agenda%2Bdos%2BCandidatos.jpg\" imageanchor=\"1\" style=\"margin-left: 1em; margin-right: 1em;\"><img loading=\"lazy\" decoding=\"async\" border=\"0\" height=\"207\" src=\"http:\/\/blogdoedvaldomagalhaes.com.br\/wp-content\/uploads\/2016\/10\/AgendadosCandidatos-5.jpg\" width=\"400\" \/><\/a><\/div>\n<div class=\"separator\" style=\"clear: both; text-align: center;\">\n<\/div>\n<div class=\"separator\" style=\"clear: both; text-align: left;\">\n<b>Tony Gel (PMDB)<\/b><\/div>\n<p>08h &nbsp;&#8211; Visita a localidades do 2\u00ba distrito, na zona rural de Caruaru<br \/>\n14h &nbsp;&#8211; Visita a localidades do4\u00ba distrito, na zona rural de Caruaru<\/p>\n<p><b>Raquel Lyra (PSDB)<\/b><br \/>\n<b>9h &nbsp; &#8211; <\/b>Porta a porta no Campo Novo de Cima &#8211; Sete Ranchos<br \/>\n<b>10h &#8211; <\/b>Porta a porta em Agreste de Pau Santo<br \/>\n<b>14h &#8211; <\/b>Porta a porta em Pau Santo, VeadoMagro, Fazenda Vasco<br \/>\n<b>16h &#8211;<\/b> Passeio Cicl\u00edstico. Sa\u00edda do Comit\u00ea da Juventude<br \/>\n<b>21h &#8211; <\/b>Visita \u00e0 Igreja Evang\u00e9lica &#8211; Salgado<\/p>\n","protected":false},"excerpt":{"rendered":"<p>Tony Gel (PMDB) 08h &nbsp;&#8211; Visita a localidades do 2\u00ba distrito, na zona rural de Caruaru 14h &nbsp;&#8211; Visita a&hellip;<\/p>\n","protected":false},"author":1,"featured_media":0,"comment_status":"open","ping_status":"open","sticky":false,"template":"","format":"standard","meta":{"footnotes":""},"categories":[1],"tags":[11718,11719,11720,2,11431],"class_list":["post-7981","post","type-post","status-publish","format-standard","hentry","category-sem-categoria","tag-2o-distrito-de-caruaru","tag-4o-distrito-de-caruaru","tag-agenda-dos-candidatos-tony-gel-e-raquel-lyra-neste-domingo","tag-blog-do-edvaldo-magalhaes","tag-eleicoes-2016"],"_links":{"self":[{"href":"https:\/\/blogdoedvaldomagalhaes.com.br\/index.php\/wp-json\/wp\/v2\/posts\/7981","targetHints":{"allow":["GET"]}}],"collection":[{"href":"https:\/\/blogdoedvaldomagalhaes.com.br\/index.php\/wp-json\/wp\/v2\/posts"}],"about":[{"href":"https:\/\/blogdoedvaldomagalhaes.com.br\/index.php\/wp-json\/wp\/v2\/types\/post"}],"author":[{"embeddable":true,"href":"https:\/\/blogdoedvaldomagalhaes.com.br\/index.php\/wp-json\/wp\/v2\/users\/1"}],"replies":[{"embeddable":true,"href":"https:\/\/blogdoedvaldomagalhaes.com.br\/index.php\/wp-json\/wp\/v2\/comments?post=7981"}],"version-history":[{"count":1,"href":"https:\/\/blogdoedvaldomagalhaes.com.br\/index.php\/wp-json\/wp\/v2\/posts\/7981\/revisions"}],"predecessor-version":[{"id":13319,"href":"https:\/\/blogdoedvaldomagalhaes.com.br\/index.php\/wp-json\/wp\/v2\/posts\/7981\/revisions\/13319"}],"wp:attachment":[{"href":"https:\/\/blogdoedvaldomagalhaes.com.br\/index.php\/wp-json\/wp\/v2\/media?parent=7981"}],"wp:term":[{"taxonomy":"category","embeddable":true,"href":"https:\/\/blogdoedvaldomagalhaes.com.br\/index.php\/wp-json\/wp\/v2\/categories?post=7981"},{"taxonomy":"post_tag","embeddable":true,"href":"https:\/\/blogdoedvaldomagalhaes.com.br\/index.php\/wp-json\/wp\/v2\/tags?post=7981"}],"curies":[{"name":"wp","href":"https:\/\/api.w.org\/{rel}","templated":true}]}}