{"id":7980,"date":"2016-10-16T17:00:00","date_gmt":"2016-10-16T19:00:00","guid":{"rendered":"http:\/\/blogdoedvaldomagalhaes.com.br\/index.php\/2016\/10\/16\/assaltante-atrapalhado-atira-na-propria\/"},"modified":"2019-02-09T01:03:06","modified_gmt":"2019-02-09T03:03:06","slug":"assaltante-atrapalhado-atira-na-propria","status":"publish","type":"post","link":"https:\/\/blogdoedvaldomagalhaes.com.br\/index.php\/2016\/10\/16\/assaltante-atrapalhado-atira-na-propria\/","title":{"rendered":"Assaltante atrapalhado atira na pr\u00f3pria perna e \u00e9 detido no hospital"},"content":{"rendered":"<div class=\"separator\" style=\"clear: both; text-align: center;\">\n<a href=\"https:\/\/2.bp.blogspot.com\/-aZ6XOKDBY_4\/WAOxsSnHgYI\/AAAAAAAAISo\/IXUiSA9bfQY5LBeIGpi8AyZ4yBU3AvtKwCLcB\/s1600\/policia.gif\" imageanchor=\"1\" style=\"margin-left: 1em; margin-right: 1em;\"><img loading=\"lazy\" decoding=\"async\" border=\"0\" height=\"225\" src=\"http:\/\/blogdoedvaldomagalhaes.com.br\/wp-content\/uploads\/2016\/10\/policia-1.gif\" width=\"320\" \/><\/a><\/div>\n<div class=\"separator\" style=\"clear: both; text-align: center;\">\n<\/div>\n<div style=\"background: rgb(255, 255, 255); letter-spacing: -0.02em; line-height: 1.45em; outline: 0px; padding: 0px 0px 1.5em; text-align: justify;\">\nA Pol\u00edcia Militar informou que um jovem de 18 anos atirou na pr\u00f3pria perna quando praticava um assalto em um bar na cidade de Lajedo, nesse s\u00e1bado (15). Outros dois jovens de 16 e de 19 anos, tamb\u00e9m participaram do assalto.<\/div>\n<div style=\"letter-spacing: -0.02em; text-align: justify;\">\nDe acordo com a Pol\u00edcia Militar o suspeito entrou no bar, rendeu as v\u00edtimas e enquanto recolhia o dinheiro atirou na pr\u00f3pria perna. Os tr\u00eas assaltantes levaram R$ 781,00. Um dos comparsas socorreu o companheiro e o levou a uma unidade hospitalar de Jupi.&nbsp;No hospital, o suspeito deu um nome falso, a pol\u00edcia foi acionada e ele entrou em contradi\u00e7\u00f5es sobre o motivo pelo qual tinha ficado ferido.<\/div>\n<p><\/p>\n<div style=\"text-align: justify;\">\n<\/div>\n<div style=\"text-align: justify;\">\nAs duas v\u00edtimas do assalto, que foram agricultores de 47 e 73 anos, foram levados pela pol\u00edcia ao hospital, onde reconheceram o suspeito. Segundo a Pol\u00edcia Militar, o acusado confessou que participou do assalto, e foi transferido para Hospital Regional Dom Moura, em Garanhuns, estando sob cust\u00f3dia da pol\u00edcia.<\/div>\n<p><\/p>\n<div style=\"background: rgb(255, 255, 255); letter-spacing: -0.02em; line-height: 1.45em; outline: 0px; padding: 0px 0px 1.5em; text-align: justify;\">\nO dinheiro roubado foi recuperou pela pol\u00edcia e os outros dois suspeitos foram detidos, e levados \u00e0 Delegacia de Pol\u00edcia Civil.<\/div>\n","protected":false},"excerpt":{"rendered":"<p>A Pol\u00edcia Militar informou que um jovem de 18 anos atirou na pr\u00f3pria perna quando praticava um assalto em um&hellip;<\/p>\n","protected":false},"author":1,"featured_media":0,"comment_status":"open","ping_status":"open","sticky":false,"template":"","format":"standard","meta":{"footnotes":""},"categories":[1],"tags":[11717,2,7087,3782,2277,7321,7322,6173,13],"class_list":["post-7980","post","type-post","status-publish","format-standard","hentry","category-sem-categoria","tag-assaltante-atrapalhado-atira-na-propria-perna-e-e-detido-no-hospital","tag-blog-do-edvaldo-magalhaes","tag-delegacia-de-policia-civil","tag-garanhuns","tag-hospital-dom-moura","tag-jupi","tag-lajedo","tag-policia-militar","tag-policial"],"_links":{"self":[{"href":"https:\/\/blogdoedvaldomagalhaes.com.br\/index.php\/wp-json\/wp\/v2\/posts\/7980","targetHints":{"allow":["GET"]}}],"collection":[{"href":"https:\/\/blogdoedvaldomagalhaes.com.br\/index.php\/wp-json\/wp\/v2\/posts"}],"about":[{"href":"https:\/\/blogdoedvaldomagalhaes.com.br\/index.php\/wp-json\/wp\/v2\/types\/post"}],"author":[{"embeddable":true,"href":"https:\/\/blogdoedvaldomagalhaes.com.br\/index.php\/wp-json\/wp\/v2\/users\/1"}],"replies":[{"embeddable":true,"href":"https:\/\/blogdoedvaldomagalhaes.com.br\/index.php\/wp-json\/wp\/v2\/comments?post=7980"}],"version-history":[{"count":1,"href":"https:\/\/blogdoedvaldomagalhaes.com.br\/index.php\/wp-json\/wp\/v2\/posts\/7980\/revisions"}],"predecessor-version":[{"id":13321,"href":"https:\/\/blogdoedvaldomagalhaes.com.br\/index.php\/wp-json\/wp\/v2\/posts\/7980\/revisions\/13321"}],"wp:attachment":[{"href":"https:\/\/blogdoedvaldomagalhaes.com.br\/index.php\/wp-json\/wp\/v2\/media?parent=7980"}],"wp:term":[{"taxonomy":"category","embeddable":true,"href":"https:\/\/blogdoedvaldomagalhaes.com.br\/index.php\/wp-json\/wp\/v2\/categories?post=7980"},{"taxonomy":"post_tag","embeddable":true,"href":"https:\/\/blogdoedvaldomagalhaes.com.br\/index.php\/wp-json\/wp\/v2\/tags?post=7980"}],"curies":[{"name":"wp","href":"https:\/\/api.w.org\/{rel}","templated":true}]}}