{"id":7969,"date":"2016-10-17T11:25:00","date_gmt":"2016-10-17T13:25:00","guid":{"rendered":"http:\/\/blogdoedvaldomagalhaes.com.br\/index.php\/2016\/10\/17\/onibus-da-bahia-que-seguia-para\/"},"modified":"2019-02-09T01:03:12","modified_gmt":"2019-02-09T03:03:12","slug":"onibus-da-bahia-que-seguia-para","status":"publish","type":"post","link":"https:\/\/blogdoedvaldomagalhaes.com.br\/index.php\/2016\/10\/17\/onibus-da-bahia-que-seguia-para\/","title":{"rendered":"\u00d4nibus da Bahia que seguia para Toritama sofre tentativa de assalto em Caruaru"},"content":{"rendered":"<div class=\"separator\" style=\"clear: both; text-align: center;\">\n<a href=\"https:\/\/4.bp.blogspot.com\/-SN9PHFYBiu0\/WAS04UDP3ZI\/AAAAAAAAIVo\/bifuKLg_TxwQUOeS7_UdcU3CzNaFLqjaACLcB\/s1600\/onibus.jpg\" imageanchor=\"1\" style=\"margin-left: 1em; margin-right: 1em;\"><img loading=\"lazy\" decoding=\"async\" border=\"0\" height=\"246\" src=\"http:\/\/blogdoedvaldomagalhaes.com.br\/wp-content\/uploads\/2016\/10\/onibus-1.jpg\" width=\"400\" \/><\/a><\/div>\n<div style=\"list-style: none; text-align: justify;\">\n<\/div>\n<div style=\"list-style: none; text-align: justify;\">\nPassageiros de um \u00f4nibus que saiu de Irec\u00ea, na Bahia, com destino a Toritama, Agreste pernambucano, sofreram tentativa de assalto na noite deste domingo (16). Criminosos tentaram interceptar o ve\u00edculo na BR-104, em Cachoeira Seca (Lampi\u00e3o), munic\u00edpio de Caruaru.<\/div>\n<div style=\"list-style: none; text-align: justify;\">\n&nbsp;<\/div>\n<div style=\"list-style: none; text-align: justify;\">\nDe acordo com os passageiros, participaram da a\u00e7\u00e3o cerca de cinco assaltantes em um Fiat Strada. Eles deram ordem de parada, mas como o motorista n\u00e3o obedeceu, come\u00e7aram a atirar, chegando a perfurar o tanque de combust\u00edvel. O \u00f4nibus chegou a sair da pista em uma ribanceira.<\/div>\n<div style=\"list-style: none; text-align: justify;\">\n&nbsp;<\/div>\n<div style=\"list-style: none; text-align: justify;\">\nUma escolta que vinha logo atr\u00e1s revidou ao ataque dos criminosos. Na troca de tiros, tr\u00eas pessoas que faziam parte da seguran\u00e7a ficaram feridas. Duas foram socorridas para o Hospital de Toritama e uma para o Hospital Regional do Agreste (HRA), em Caruaru.<\/div>\n","protected":false},"excerpt":{"rendered":"<p>Passageiros de um \u00f4nibus que saiu de Irec\u00ea, na Bahia, com destino a Toritama, Agreste pernambucano, sofreram tentativa de assalto&hellip;<\/p>\n","protected":false},"author":1,"featured_media":0,"comment_status":"open","ping_status":"open","sticky":false,"template":"","format":"standard","meta":{"footnotes":""},"categories":[1],"tags":[2,3132,5428,9243,312,2083,11689,13,3408],"class_list":["post-7969","post","type-post","status-publish","format-standard","hentry","category-sem-categoria","tag-blog-do-edvaldo-magalhaes","tag-br-104","tag-cachoeira-seca","tag-fiat-strada","tag-hospital-regional-do-agreste","tag-hra","tag-onibus-da-bahia-que-seguia-para-toritama-sofre-tentativa-de-assalto-em-caruaru","tag-policial","tag-toritama"],"_links":{"self":[{"href":"https:\/\/blogdoedvaldomagalhaes.com.br\/index.php\/wp-json\/wp\/v2\/posts\/7969","targetHints":{"allow":["GET"]}}],"collection":[{"href":"https:\/\/blogdoedvaldomagalhaes.com.br\/index.php\/wp-json\/wp\/v2\/posts"}],"about":[{"href":"https:\/\/blogdoedvaldomagalhaes.com.br\/index.php\/wp-json\/wp\/v2\/types\/post"}],"author":[{"embeddable":true,"href":"https:\/\/blogdoedvaldomagalhaes.com.br\/index.php\/wp-json\/wp\/v2\/users\/1"}],"replies":[{"embeddable":true,"href":"https:\/\/blogdoedvaldomagalhaes.com.br\/index.php\/wp-json\/wp\/v2\/comments?post=7969"}],"version-history":[{"count":1,"href":"https:\/\/blogdoedvaldomagalhaes.com.br\/index.php\/wp-json\/wp\/v2\/posts\/7969\/revisions"}],"predecessor-version":[{"id":13346,"href":"https:\/\/blogdoedvaldomagalhaes.com.br\/index.php\/wp-json\/wp\/v2\/posts\/7969\/revisions\/13346"}],"wp:attachment":[{"href":"https:\/\/blogdoedvaldomagalhaes.com.br\/index.php\/wp-json\/wp\/v2\/media?parent=7969"}],"wp:term":[{"taxonomy":"category","embeddable":true,"href":"https:\/\/blogdoedvaldomagalhaes.com.br\/index.php\/wp-json\/wp\/v2\/categories?post=7969"},{"taxonomy":"post_tag","embeddable":true,"href":"https:\/\/blogdoedvaldomagalhaes.com.br\/index.php\/wp-json\/wp\/v2\/tags?post=7969"}],"curies":[{"name":"wp","href":"https:\/\/api.w.org\/{rel}","templated":true}]}}