{"id":7968,"date":"2016-10-17T11:31:00","date_gmt":"2016-10-17T13:31:00","guid":{"rendered":"http:\/\/blogdoedvaldomagalhaes.com.br\/index.php\/2016\/10\/17\/fim-de-semana-com-33-homicidios-e\/"},"modified":"2019-02-09T01:03:12","modified_gmt":"2019-02-09T03:03:12","slug":"fim-de-semana-com-33-homicidios-e","status":"publish","type":"post","link":"https:\/\/blogdoedvaldomagalhaes.com.br\/index.php\/2016\/10\/17\/fim-de-semana-com-33-homicidios-e\/","title":{"rendered":"Fim de semana com 33 homic\u00eddios em Pernambuco"},"content":{"rendered":"<div id=\"resize\" style=\"list-style: none; margin-top: 40px; text-align: justify;\">\n<div class=\"separator\" style=\"clear: both; text-align: center;\">\n<a href=\"https:\/\/4.bp.blogspot.com\/-9E4jaisIQdY\/WAS2I2EwZdI\/AAAAAAAAIV0\/uXkhYNDqCVwWWzrukBDZg7aOcyHD_9-CACLcB\/s1600\/plant%25C3%25A3o.jpg\" imageanchor=\"1\" style=\"margin-left: 1em; margin-right: 1em;\"><img loading=\"lazy\" decoding=\"async\" border=\"0\" height=\"266\" src=\"http:\/\/blogdoedvaldomagalhaes.com.br\/wp-content\/uploads\/2016\/10\/plantC3A3o.jpg\" width=\"400\" \/><\/a><\/div>\n<div style=\"list-style: none;\">\n<\/div>\n<div style=\"list-style: none;\">\nTrinta e tr\u00eas pessoas foram assassinadas no fim de semana em Pernambuco. Ocorreram 17 homic\u00eddios no Grande Recife e 16 no interior do Estado.<\/div>\n<div style=\"list-style: none;\">\n&nbsp;<\/div>\n<div style=\"list-style: none;\">\nEm Angelim, Agreste Meridional, ocorreram duas mortes na noite deste s\u00e1bado (15).<\/div>\n<div style=\"list-style: none;\">\n&nbsp;<\/div>\n<div style=\"list-style: none;\">\nNa Rua Professor Jo\u00e3o de Souza, centro da cidade, uma mulher de 26 anos foi morta a facadas. Segundo relatos de populares, Simone Albuquerque da Silva bebia com o companheiro, suspeito do crime, que foi visto saindo da casa sujo de sangue e com os filhos &#8211; um menino de 6 anos e uma menina de 6 meses. Ele deixou a garotinha na porta de uma vizinha e levou o menino. O suspeito segue foragido.<\/div>\n<div style=\"list-style: none;\">\n&nbsp;<\/div>\n<div style=\"list-style: none;\">\nNo S\u00edtio Caldeir\u00f5es, o agricultor Jos\u00e9 Bernardo da Silva, 32 anos, foi assassinado a tiros ap\u00f3s sair de um bar. Ele foi executado com quatro tiros na cabe\u00e7a.<\/div>\n<div style=\"list-style: none;\">\n&nbsp;<\/div>\n<div style=\"list-style: none;\">\nOs corpos foram encaminhados para o Instituto de Medicina Legal (IML) de Caruaru.<\/div>\n<div style=\"color: #333333; font-family: &quot;Open Sans&quot;, sans-serif; font-size: 15px;\">\n<\/div>\n<\/div>\n","protected":false},"excerpt":{"rendered":"<p>Trinta e tr\u00eas pessoas foram assassinadas no fim de semana em Pernambuco. Ocorreram 17 homic\u00eddios no Grande Recife e 16&hellip;<\/p>\n","protected":false},"author":1,"featured_media":0,"comment_status":"open","ping_status":"open","sticky":false,"template":"","format":"standard","meta":{"footnotes":""},"categories":[1],"tags":[11686,11687,2,11688,5802,3149,13],"class_list":["post-7968","post","type-post","status-publish","format-standard","hentry","category-sem-categoria","tag-agreste-meridional","tag-angelim","tag-blog-do-edvaldo-magalhaes","tag-fim-de-semana-com-33-homicidios-em-pernambuco","tag-grande-recife","tag-iml","tag-policial"],"_links":{"self":[{"href":"https:\/\/blogdoedvaldomagalhaes.com.br\/index.php\/wp-json\/wp\/v2\/posts\/7968","targetHints":{"allow":["GET"]}}],"collection":[{"href":"https:\/\/blogdoedvaldomagalhaes.com.br\/index.php\/wp-json\/wp\/v2\/posts"}],"about":[{"href":"https:\/\/blogdoedvaldomagalhaes.com.br\/index.php\/wp-json\/wp\/v2\/types\/post"}],"author":[{"embeddable":true,"href":"https:\/\/blogdoedvaldomagalhaes.com.br\/index.php\/wp-json\/wp\/v2\/users\/1"}],"replies":[{"embeddable":true,"href":"https:\/\/blogdoedvaldomagalhaes.com.br\/index.php\/wp-json\/wp\/v2\/comments?post=7968"}],"version-history":[{"count":1,"href":"https:\/\/blogdoedvaldomagalhaes.com.br\/index.php\/wp-json\/wp\/v2\/posts\/7968\/revisions"}],"predecessor-version":[{"id":13348,"href":"https:\/\/blogdoedvaldomagalhaes.com.br\/index.php\/wp-json\/wp\/v2\/posts\/7968\/revisions\/13348"}],"wp:attachment":[{"href":"https:\/\/blogdoedvaldomagalhaes.com.br\/index.php\/wp-json\/wp\/v2\/media?parent=7968"}],"wp:term":[{"taxonomy":"category","embeddable":true,"href":"https:\/\/blogdoedvaldomagalhaes.com.br\/index.php\/wp-json\/wp\/v2\/categories?post=7968"},{"taxonomy":"post_tag","embeddable":true,"href":"https:\/\/blogdoedvaldomagalhaes.com.br\/index.php\/wp-json\/wp\/v2\/tags?post=7968"}],"curies":[{"name":"wp","href":"https:\/\/api.w.org\/{rel}","templated":true}]}}