{"id":7966,"date":"2016-10-17T15:53:00","date_gmt":"2016-10-17T17:53:00","guid":{"rendered":"http:\/\/blogdoedvaldomagalhaes.com.br\/index.php\/2016\/10\/17\/raquel-lyra-diz-na-radio-liberdade-que\/"},"modified":"2019-02-09T01:03:15","modified_gmt":"2019-02-09T03:03:15","slug":"raquel-lyra-diz-na-radio-liberdade-que","status":"publish","type":"post","link":"https:\/\/blogdoedvaldomagalhaes.com.br\/index.php\/2016\/10\/17\/raquel-lyra-diz-na-radio-liberdade-que\/","title":{"rendered":"Raquel Lyra diz na R\u00e1dio Liberdade que far\u00e1 gest\u00e3o participativa e democr\u00e1tica"},"content":{"rendered":"<div class=\"separator\" style=\"clear: both; text-align: center;\">\n<a href=\"https:\/\/3.bp.blogspot.com\/-yJmngbpwmuo\/WATzmcUuZgI\/AAAAAAAAIWU\/KA-2-ZHi0lwFK7chhXKgoVWy2wuy6cifwCLcB\/s1600\/raquel.jpg\" imageanchor=\"1\" style=\"margin-left: 1em; margin-right: 1em;\"><img loading=\"lazy\" decoding=\"async\" border=\"0\" height=\"256\" src=\"http:\/\/blogdoedvaldomagalhaes.com.br\/wp-content\/uploads\/2016\/10\/raquel-4.jpg\" width=\"400\" \/><\/a><\/div>\n<p><\/p>\n<div style=\"text-align: justify;\">\nA R\u00e1dio Liberdade realiza esta semana entrevistas com os candidatos que disputam o 2\u00ba turno das elei\u00e7\u00f5es municipais em Caruaru. Nesta segunda-feira (17), esteve nos est\u00fadios da emissora Raquel Lyra (PSDB) e nesta ter\u00e7a (18) ser\u00e1 a vez de Tony Gel (PMDB).<\/div>\n<div style=\"text-align: justify;\">\n<\/div>\n<div style=\"text-align: justify;\">\nAs entrevistas s\u00e3o no programa Show da Cidade, das 7h \u00e0s 8h, com apresenta\u00e7\u00e3o de Elaine Dias e participa\u00e7\u00e3o do analista pol\u00edtico Marco Aur\u00e9lio.<\/div>\n<div style=\"text-align: justify;\">\n<\/div>\n<div style=\"text-align: justify;\">\nRaquel iniciou a entrevista enfatizando que realiza uma campanha diferente e agradecendo os apoios que vem recebendo para o 2\u00ba turno. Afirmou que se for eleita far\u00e1 uma gest\u00e3o participativa e democr\u00e1tica.<\/div>\n<div style=\"text-align: justify;\">\n<\/div>\n<div style=\"text-align: justify;\">\nA seguran\u00e7a foi um dos temas abordados da entrevista de uma hora. A candidata voltou a afirmar que ir\u00e1 fortalecer a Guarda Municipal e far\u00e1 trabalho com \u00f3rg\u00e3os de seguran\u00e7a, Minist\u00e9rio P\u00fablico, Defensoria P\u00fablica e Judici\u00e1rio para enfrentar a criminalidade.<\/div>\n<div style=\"text-align: justify;\">\n<\/div>\n<div style=\"text-align: justify;\">\nRaquel Lyra disse que Caruaru enfrenta uma onda forte de inseguran\u00e7a e as pessoas se trancam em casa. Afirmou que a Pol\u00edcia Militar precisa realizar concurso p\u00fablico para aumentar o efetivo do 4\u00ba BPM.<\/div>\n<div style=\"text-align: justify;\">\n<\/div>\n<div style=\"text-align: justify;\">\nTamb\u00e9m foram discutidos temas como emprego, sa\u00fade e educa\u00e7\u00e3o.<\/div>\n","protected":false},"excerpt":{"rendered":"<p>A R\u00e1dio Liberdade realiza esta semana entrevistas com os candidatos que disputam o 2\u00ba turno das elei\u00e7\u00f5es municipais em Caruaru.&hellip;<\/p>\n","protected":false},"author":1,"featured_media":0,"comment_status":"open","ping_status":"open","sticky":false,"template":"","format":"standard","meta":{"footnotes":""},"categories":[1],"tags":[2,11431,11684],"class_list":["post-7966","post","type-post","status-publish","format-standard","hentry","category-sem-categoria","tag-blog-do-edvaldo-magalhaes","tag-eleicoes-2016","tag-raquel-lyra-diz-na-radio-liberdade-que-fara-gestao-participativa-e-democratica"],"_links":{"self":[{"href":"https:\/\/blogdoedvaldomagalhaes.com.br\/index.php\/wp-json\/wp\/v2\/posts\/7966","targetHints":{"allow":["GET"]}}],"collection":[{"href":"https:\/\/blogdoedvaldomagalhaes.com.br\/index.php\/wp-json\/wp\/v2\/posts"}],"about":[{"href":"https:\/\/blogdoedvaldomagalhaes.com.br\/index.php\/wp-json\/wp\/v2\/types\/post"}],"author":[{"embeddable":true,"href":"https:\/\/blogdoedvaldomagalhaes.com.br\/index.php\/wp-json\/wp\/v2\/users\/1"}],"replies":[{"embeddable":true,"href":"https:\/\/blogdoedvaldomagalhaes.com.br\/index.php\/wp-json\/wp\/v2\/comments?post=7966"}],"version-history":[{"count":1,"href":"https:\/\/blogdoedvaldomagalhaes.com.br\/index.php\/wp-json\/wp\/v2\/posts\/7966\/revisions"}],"predecessor-version":[{"id":13352,"href":"https:\/\/blogdoedvaldomagalhaes.com.br\/index.php\/wp-json\/wp\/v2\/posts\/7966\/revisions\/13352"}],"wp:attachment":[{"href":"https:\/\/blogdoedvaldomagalhaes.com.br\/index.php\/wp-json\/wp\/v2\/media?parent=7966"}],"wp:term":[{"taxonomy":"category","embeddable":true,"href":"https:\/\/blogdoedvaldomagalhaes.com.br\/index.php\/wp-json\/wp\/v2\/categories?post=7966"},{"taxonomy":"post_tag","embeddable":true,"href":"https:\/\/blogdoedvaldomagalhaes.com.br\/index.php\/wp-json\/wp\/v2\/tags?post=7966"}],"curies":[{"name":"wp","href":"https:\/\/api.w.org\/{rel}","templated":true}]}}