{"id":7965,"date":"2016-10-17T18:10:00","date_gmt":"2016-10-17T20:10:00","guid":{"rendered":"http:\/\/blogdoedvaldomagalhaes.com.br\/index.php\/2016\/10\/17\/tony-gel-aciona-policia-federal-para\/"},"modified":"2019-02-09T01:03:15","modified_gmt":"2019-02-09T03:03:15","slug":"tony-gel-aciona-policia-federal-para","status":"publish","type":"post","link":"https:\/\/blogdoedvaldomagalhaes.com.br\/index.php\/2016\/10\/17\/tony-gel-aciona-policia-federal-para\/","title":{"rendered":"Tony Gel aciona Pol\u00edcia Federal para investigar poss\u00edvel crime eleitoral na internet"},"content":{"rendered":"<div class=\"separator\" style=\"clear: both; text-align: center;\">\n<a href=\"https:\/\/1.bp.blogspot.com\/-zR-ylo8kicw\/WAUTyT_VRtI\/AAAAAAAAIWk\/nbBVnCDHsScRFd7xcJ66idWU6JqRBKt8ACLcB\/s1600\/tony.jpg\" imageanchor=\"1\" style=\"margin-left: 1em; margin-right: 1em;\"><img loading=\"lazy\" decoding=\"async\" border=\"0\" height=\"400\" src=\"http:\/\/blogdoedvaldomagalhaes.com.br\/wp-content\/uploads\/2016\/10\/tony-12.jpg\" width=\"280\" \/><\/a><\/div>\n<div class=\"separator\" style=\"clear: both; text-align: center;\">\n<\/div>\n<div style=\"background-color: white; border: 0px; margin-bottom: 1.5em; outline: 0px; padding: 0px; text-align: justify; vertical-align: baseline;\">\nO candidato a prefeito de Caruaru, Tony Gel (PMDB), ingressou nesta segunda-feira (17), com uma NOT\u00cdCIA-CRIME de cunho eleitoral junto \u00e0 Pol\u00edcia Federal no munic\u00edpio, para que se tome provid\u00eancias em rela\u00e7\u00e3o a divulga\u00e7\u00e3o de v\u00eddeos, atrav\u00e9s do aplicativo WhatsApp, que \u201ccont\u00e9m inverdades e atingem gravemente a honra e a imagem do candidato\u201d, diz trecho da a\u00e7\u00e3o.<\/div>\n<div style=\"background-color: white; border: 0px; margin-bottom: 1.5em; outline: 0px; padding: 0px; text-align: justify; vertical-align: baseline;\">\n\u201cOs referidos v\u00eddeos est\u00e3o circulando e sendo espalhados virtualmente, cujo conte\u00fado cont\u00e9m palavras e mensagens que visam a associar o candidato com atos criminosos, de forma totalmente injuriosa\u201d, diz trecho da a\u00e7\u00e3o.<\/div>\n<div style=\"background-color: white; border: 0px; margin-bottom: 1.5em; outline: 0px; padding: 0px; text-align: justify; vertical-align: baseline;\">\nA not\u00edcia-crime destaca que durante o primeiro turno, tal pr\u00e1tica, com os mesmos moldes, tamb\u00e9m foi direcionada ao candidato Erik Lessa (PR), que disputava a segunda vaga do segundo turno com a candidata Raquel Lyra (PSDB). Ainda hoje mais informa\u00e7\u00f5es sobre o tema.<\/div>\n","protected":false},"excerpt":{"rendered":"<p>O candidato a prefeito de Caruaru, Tony Gel (PMDB), ingressou nesta segunda-feira (17), com uma NOT\u00cdCIA-CRIME de cunho eleitoral junto&hellip;<\/p>\n","protected":false},"author":1,"featured_media":0,"comment_status":"open","ping_status":"open","sticky":false,"template":"","format":"standard","meta":{"footnotes":""},"categories":[1],"tags":[2,11431,9402,4966,11487,1951,1229,11683],"class_list":["post-7965","post","type-post","status-publish","format-standard","hentry","category-sem-categoria","tag-blog-do-edvaldo-magalhaes","tag-eleicoes-2016","tag-erick-lessa","tag-pmdb","tag-pr","tag-psdb","tag-raquel-lyra","tag-tony-gel-aciona-policia-federal-para-investigar-possivel-crime-eleitoral-na-internet"],"_links":{"self":[{"href":"https:\/\/blogdoedvaldomagalhaes.com.br\/index.php\/wp-json\/wp\/v2\/posts\/7965","targetHints":{"allow":["GET"]}}],"collection":[{"href":"https:\/\/blogdoedvaldomagalhaes.com.br\/index.php\/wp-json\/wp\/v2\/posts"}],"about":[{"href":"https:\/\/blogdoedvaldomagalhaes.com.br\/index.php\/wp-json\/wp\/v2\/types\/post"}],"author":[{"embeddable":true,"href":"https:\/\/blogdoedvaldomagalhaes.com.br\/index.php\/wp-json\/wp\/v2\/users\/1"}],"replies":[{"embeddable":true,"href":"https:\/\/blogdoedvaldomagalhaes.com.br\/index.php\/wp-json\/wp\/v2\/comments?post=7965"}],"version-history":[{"count":1,"href":"https:\/\/blogdoedvaldomagalhaes.com.br\/index.php\/wp-json\/wp\/v2\/posts\/7965\/revisions"}],"predecessor-version":[{"id":13354,"href":"https:\/\/blogdoedvaldomagalhaes.com.br\/index.php\/wp-json\/wp\/v2\/posts\/7965\/revisions\/13354"}],"wp:attachment":[{"href":"https:\/\/blogdoedvaldomagalhaes.com.br\/index.php\/wp-json\/wp\/v2\/media?parent=7965"}],"wp:term":[{"taxonomy":"category","embeddable":true,"href":"https:\/\/blogdoedvaldomagalhaes.com.br\/index.php\/wp-json\/wp\/v2\/categories?post=7965"},{"taxonomy":"post_tag","embeddable":true,"href":"https:\/\/blogdoedvaldomagalhaes.com.br\/index.php\/wp-json\/wp\/v2\/tags?post=7965"}],"curies":[{"name":"wp","href":"https:\/\/api.w.org\/{rel}","templated":true}]}}