{"id":7958,"date":"2016-10-18T11:06:00","date_gmt":"2016-10-18T13:06:00","guid":{"rendered":"http:\/\/blogdoedvaldomagalhaes.com.br\/index.php\/2016\/10\/18\/morre-ex-goleiro-do-central-de-caruaru\/"},"modified":"2019-02-09T01:03:17","modified_gmt":"2019-02-09T03:03:17","slug":"morre-ex-goleiro-do-central-de-caruaru","status":"publish","type":"post","link":"https:\/\/blogdoedvaldomagalhaes.com.br\/index.php\/2016\/10\/18\/morre-ex-goleiro-do-central-de-caruaru\/","title":{"rendered":"Morre ex-goleiro do Central de Caruaru"},"content":{"rendered":"<div class=\"separator\" style=\"clear: both; text-align: center;\">\n<a href=\"https:\/\/3.bp.blogspot.com\/-d6WUzBOI7dI\/WAYCHlfrb5I\/AAAAAAAAIYU\/iyyF79zPhPgF4jsdn2uVpBc_B4rGS_YbQCLcB\/s1600\/jorge%2Bluiz.jpg\" imageanchor=\"1\" style=\"margin-left: 1em; margin-right: 1em;\"><img loading=\"lazy\" decoding=\"async\" border=\"0\" height=\"320\" src=\"http:\/\/blogdoedvaldomagalhaes.com.br\/wp-content\/uploads\/2016\/10\/jorgeluiz.jpg\" width=\"320\" \/><\/a><\/div>\n<div style=\"text-align: justify;\">\n<\/div>\n<div style=\"text-align: justify;\">\nO ex- goleiro do Central de Caruaru, Jorge Luiz, faleceu na tarde dessa segunda-feira (17), no Hospital Regional do Agreste. Jorge morreu com problemas nos \u00f3rg\u00e3os. O vel\u00f3rio acontece no Dom Bosco, e o sepultamento acontece \u00e0s 13h desta ter\u00e7a-feira (18), em Sapucarana de Bezerros.<\/p>\n<p>Descanse em Paz, e que Deus conforte a Fam\u00edlia.<\/p><\/div>\n","protected":false},"excerpt":{"rendered":"<p>O ex- goleiro do Central de Caruaru, Jorge Luiz, faleceu na tarde dessa segunda-feira (17), no Hospital Regional do Agreste.&hellip;<\/p>\n","protected":false},"author":1,"featured_media":0,"comment_status":"open","ping_status":"open","sticky":false,"template":"","format":"standard","meta":{"footnotes":""},"categories":[1],"tags":[2,11672,11673,6],"class_list":["post-7958","post","type-post","status-publish","format-standard","hentry","category-sem-categoria","tag-blog-do-edvaldo-magalhaes","tag-jorge-luiz","tag-morre-ex-goleiro-do-central-de-caruaru","tag-noticias"],"_links":{"self":[{"href":"https:\/\/blogdoedvaldomagalhaes.com.br\/index.php\/wp-json\/wp\/v2\/posts\/7958","targetHints":{"allow":["GET"]}}],"collection":[{"href":"https:\/\/blogdoedvaldomagalhaes.com.br\/index.php\/wp-json\/wp\/v2\/posts"}],"about":[{"href":"https:\/\/blogdoedvaldomagalhaes.com.br\/index.php\/wp-json\/wp\/v2\/types\/post"}],"author":[{"embeddable":true,"href":"https:\/\/blogdoedvaldomagalhaes.com.br\/index.php\/wp-json\/wp\/v2\/users\/1"}],"replies":[{"embeddable":true,"href":"https:\/\/blogdoedvaldomagalhaes.com.br\/index.php\/wp-json\/wp\/v2\/comments?post=7958"}],"version-history":[{"count":1,"href":"https:\/\/blogdoedvaldomagalhaes.com.br\/index.php\/wp-json\/wp\/v2\/posts\/7958\/revisions"}],"predecessor-version":[{"id":13369,"href":"https:\/\/blogdoedvaldomagalhaes.com.br\/index.php\/wp-json\/wp\/v2\/posts\/7958\/revisions\/13369"}],"wp:attachment":[{"href":"https:\/\/blogdoedvaldomagalhaes.com.br\/index.php\/wp-json\/wp\/v2\/media?parent=7958"}],"wp:term":[{"taxonomy":"category","embeddable":true,"href":"https:\/\/blogdoedvaldomagalhaes.com.br\/index.php\/wp-json\/wp\/v2\/categories?post=7958"},{"taxonomy":"post_tag","embeddable":true,"href":"https:\/\/blogdoedvaldomagalhaes.com.br\/index.php\/wp-json\/wp\/v2\/tags?post=7958"}],"curies":[{"name":"wp","href":"https:\/\/api.w.org\/{rel}","templated":true}]}}