{"id":7957,"date":"2016-10-18T11:28:00","date_gmt":"2016-10-18T13:28:00","guid":{"rendered":"http:\/\/blogdoedvaldomagalhaes.com.br\/index.php\/2016\/10\/18\/juiz\/"},"modified":"2019-02-09T01:03:19","modified_gmt":"2019-02-09T03:03:19","slug":"juiz","status":"publish","type":"post","link":"https:\/\/blogdoedvaldomagalhaes.com.br\/index.php\/2016\/10\/18\/juiz\/","title":{"rendered":"Juiz pro\u00edbe uso de informa\u00e7\u00f5es inver\u00eddicas contra Tony Gel sob pena de multa de 100 mil reais"},"content":{"rendered":"<div style=\"background-color: white; border: 0px; margin-bottom: 1.5em; outline: 0px; padding: 0px; text-align: justify; vertical-align: baseline;\">\n<div class=\"separator\" style=\"clear: both; text-align: center;\">\n<a href=\"https:\/\/2.bp.blogspot.com\/-yIbAkUnbRSE\/WAYH1EoEeiI\/AAAAAAAAIYs\/5w0QIQGsVAc5QnQCoUzWcb5Gn_1FmIvsACLcB\/s1600\/eleli%25C3%25A7%25C3%25B5es%2B1.jpg\" imageanchor=\"1\" style=\"margin-left: 1em; margin-right: 1em;\"><img loading=\"lazy\" decoding=\"async\" border=\"0\" height=\"202\" src=\"http:\/\/blogdoedvaldomagalhaes.com.br\/wp-content\/uploads\/2016\/10\/eleliC3A7C3B5es1.jpg\" width=\"400\" \/><\/a><\/div>\n<p>\nO juiz respons\u00e1vel pela propaganda eleitoral, Brasilio Ant\u00f4nio Guerra, proferiu neste \u00faltimo domingo, decis\u00e3o liminar determinando que a candidata Raquel Lyra fizesse cessar imediatamente propaganda eleitoral na qual continha informa\u00e7\u00f5es inver\u00eddicas acerca do candidato Tony Gel.<\/div>\n<div style=\"background-color: white; border: 0px; margin-bottom: 1.5em; outline: 0px; padding: 0px; text-align: justify; vertical-align: baseline;\">\nNo caso em quest\u00e3o, o magistrado, ao acatar os argumentos levantados pelo corpo jur\u00eddico do candidato Tony Gel, entendeu que \u201ch\u00e1 conte\u00fados nas mensagens que n\u00e3o s\u00e3o compat\u00edveis com certos reducionismos dada a incompatibilidade da afirma\u00e7\u00e3o com a lei\u201d.<\/div>\n<div style=\"background-color: white; border: 0px; margin-bottom: 1.5em; outline: 0px; padding: 0px; text-align: justify; vertical-align: baseline;\">\nDiante disso, o Ju\u00edzo da 41 zona eleitoral determinou que a candidata fizesse cessar imediatamente a propaganda veiculava, sob pena de multa no importe de R$ 100.000,00 (cem mil reais), determinando, ainda que a candidata Raquel Lyra se abstivesse de mostrar a imagem do candidato Tony Gel associada a fatos cuja veracidade seja question\u00e1vel.<\/div>\n","protected":false},"excerpt":{"rendered":"<p>O juiz respons\u00e1vel pela propaganda eleitoral, Brasilio Ant\u00f4nio Guerra, proferiu neste \u00faltimo domingo, decis\u00e3o liminar determinando que a candidata Raquel&hellip;<\/p>\n","protected":false},"author":1,"featured_media":0,"comment_status":"open","ping_status":"open","sticky":false,"template":"","format":"standard","meta":{"footnotes":""},"categories":[1],"tags":[2,10171,11431,11671,4966,1951,1229],"class_list":["post-7957","post","type-post","status-publish","format-standard","hentry","category-sem-categoria","tag-blog-do-edvaldo-magalhaes","tag-brasilio-guerra","tag-eleicoes-2016","tag-juiz-proibe-uso-de-informacoes-inveridicas-contra-tony-gel-sob-pena-de-multa-de-100-mil-reais","tag-pmdb","tag-psdb","tag-raquel-lyra"],"_links":{"self":[{"href":"https:\/\/blogdoedvaldomagalhaes.com.br\/index.php\/wp-json\/wp\/v2\/posts\/7957","targetHints":{"allow":["GET"]}}],"collection":[{"href":"https:\/\/blogdoedvaldomagalhaes.com.br\/index.php\/wp-json\/wp\/v2\/posts"}],"about":[{"href":"https:\/\/blogdoedvaldomagalhaes.com.br\/index.php\/wp-json\/wp\/v2\/types\/post"}],"author":[{"embeddable":true,"href":"https:\/\/blogdoedvaldomagalhaes.com.br\/index.php\/wp-json\/wp\/v2\/users\/1"}],"replies":[{"embeddable":true,"href":"https:\/\/blogdoedvaldomagalhaes.com.br\/index.php\/wp-json\/wp\/v2\/comments?post=7957"}],"version-history":[{"count":1,"href":"https:\/\/blogdoedvaldomagalhaes.com.br\/index.php\/wp-json\/wp\/v2\/posts\/7957\/revisions"}],"predecessor-version":[{"id":13371,"href":"https:\/\/blogdoedvaldomagalhaes.com.br\/index.php\/wp-json\/wp\/v2\/posts\/7957\/revisions\/13371"}],"wp:attachment":[{"href":"https:\/\/blogdoedvaldomagalhaes.com.br\/index.php\/wp-json\/wp\/v2\/media?parent=7957"}],"wp:term":[{"taxonomy":"category","embeddable":true,"href":"https:\/\/blogdoedvaldomagalhaes.com.br\/index.php\/wp-json\/wp\/v2\/categories?post=7957"},{"taxonomy":"post_tag","embeddable":true,"href":"https:\/\/blogdoedvaldomagalhaes.com.br\/index.php\/wp-json\/wp\/v2\/tags?post=7957"}],"curies":[{"name":"wp","href":"https:\/\/api.w.org\/{rel}","templated":true}]}}