{"id":7956,"date":"2016-10-18T11:40:00","date_gmt":"2016-10-18T13:40:00","guid":{"rendered":"http:\/\/blogdoedvaldomagalhaes.com.br\/index.php\/2016\/10\/18\/policia-registra-15-homicidios-em-24\/"},"modified":"2019-02-09T01:03:20","modified_gmt":"2019-02-09T03:03:20","slug":"policia-registra-15-homicidios-em-24","status":"publish","type":"post","link":"https:\/\/blogdoedvaldomagalhaes.com.br\/index.php\/2016\/10\/18\/policia-registra-15-homicidios-em-24\/","title":{"rendered":"Pol\u00edcia registra 15 homic\u00eddios em 24 horas em Pernambuco"},"content":{"rendered":"<div class=\"separator\" style=\"clear: both; text-align: center;\">\n<a href=\"https:\/\/2.bp.blogspot.com\/-yxlJfgax_ME\/WAYKP0rEfdI\/AAAAAAAAIY4\/U_ICy8lx3eIDr84JYqu_9f073HrVd-_egCLcB\/s1600\/plant%25C3%25A3o.jpg\" imageanchor=\"1\" style=\"margin-left: 1em; margin-right: 1em;\"><img loading=\"lazy\" decoding=\"async\" border=\"0\" height=\"185\" src=\"http:\/\/blogdoedvaldomagalhaes.com.br\/wp-content\/uploads\/2016\/10\/plantC3A3o-1.jpg\" width=\"400\" \/><\/a><\/div>\n<div style=\"list-style: none; text-align: justify;\">\n<\/div>\n<div style=\"list-style: none; text-align: justify;\">\nQuinze pessoas foram assassinadas em Pernambuco nas \u00faltimas 24 horas. Ocorreram 9 homic\u00eddios na Regi\u00e3o Metropolitana do Recife e 6 no interior do Estado.<\/div>\n<div style=\"list-style: none; text-align: justify;\">\n&nbsp;<\/div>\n<div style=\"list-style: none; text-align: justify;\">\nNa tarde desta segunda-feira, um homem de 26 anos foi assassinado com uma facada no peito, em Garanhuns. Claudiv\u00e2nio Jos\u00e9 Soares, 26 anos, foi morto pela esposa, Lenilda da Concei\u00e7\u00e3o Souza, 28, presa no in\u00edcio da noite pela Pol\u00edcia Militar.<\/div>\n<div style=\"list-style: none; text-align: justify;\">\n&nbsp;<\/div>\n<div style=\"list-style: none; text-align: justify;\">\nSegundo os vizinhos, o casal discutia com frequ\u00eancia e que o homem agredia a mulher.<\/div>\n<div style=\"list-style: none; text-align: justify;\">\n&nbsp;<\/div>\n<div style=\"list-style: none; text-align: justify;\">\nNa Delegacia de Garanhuns, a suspeita disse que o marido fechou as portas da casa e teria amea\u00e7ado bater novamente com uma barra de ferro.<\/div>\n<div style=\"list-style: none; text-align: justify;\">\n&nbsp;<\/div>\n<div style=\"list-style: none; text-align: justify;\">\nO corpo de Claudiv\u00e2nio foi encaminhado para o Instituto de Medicina Legal (IML) de Caruaru.<\/div>\n","protected":false},"excerpt":{"rendered":"<p>Quinze pessoas foram assassinadas em Pernambuco nas \u00faltimas 24 horas. Ocorreram 9 homic\u00eddios na Regi\u00e3o Metropolitana do Recife e 6&hellip;<\/p>\n","protected":false},"author":1,"featured_media":0,"comment_status":"open","ping_status":"open","sticky":false,"template":"","format":"standard","meta":{"footnotes":""},"categories":[1],"tags":[2,3782,3149,11670,13,5466],"class_list":["post-7956","post","type-post","status-publish","format-standard","hentry","category-sem-categoria","tag-blog-do-edvaldo-magalhaes","tag-garanhuns","tag-iml","tag-policia-registra-15-homicidios-em-24-horas-em-pernambuco","tag-policial","tag-regiao-metropolitana-do-recife"],"_links":{"self":[{"href":"https:\/\/blogdoedvaldomagalhaes.com.br\/index.php\/wp-json\/wp\/v2\/posts\/7956","targetHints":{"allow":["GET"]}}],"collection":[{"href":"https:\/\/blogdoedvaldomagalhaes.com.br\/index.php\/wp-json\/wp\/v2\/posts"}],"about":[{"href":"https:\/\/blogdoedvaldomagalhaes.com.br\/index.php\/wp-json\/wp\/v2\/types\/post"}],"author":[{"embeddable":true,"href":"https:\/\/blogdoedvaldomagalhaes.com.br\/index.php\/wp-json\/wp\/v2\/users\/1"}],"replies":[{"embeddable":true,"href":"https:\/\/blogdoedvaldomagalhaes.com.br\/index.php\/wp-json\/wp\/v2\/comments?post=7956"}],"version-history":[{"count":1,"href":"https:\/\/blogdoedvaldomagalhaes.com.br\/index.php\/wp-json\/wp\/v2\/posts\/7956\/revisions"}],"predecessor-version":[{"id":13373,"href":"https:\/\/blogdoedvaldomagalhaes.com.br\/index.php\/wp-json\/wp\/v2\/posts\/7956\/revisions\/13373"}],"wp:attachment":[{"href":"https:\/\/blogdoedvaldomagalhaes.com.br\/index.php\/wp-json\/wp\/v2\/media?parent=7956"}],"wp:term":[{"taxonomy":"category","embeddable":true,"href":"https:\/\/blogdoedvaldomagalhaes.com.br\/index.php\/wp-json\/wp\/v2\/categories?post=7956"},{"taxonomy":"post_tag","embeddable":true,"href":"https:\/\/blogdoedvaldomagalhaes.com.br\/index.php\/wp-json\/wp\/v2\/tags?post=7956"}],"curies":[{"name":"wp","href":"https:\/\/api.w.org\/{rel}","templated":true}]}}