{"id":7955,"date":"2016-10-18T13:51:00","date_gmt":"2016-10-18T15:51:00","guid":{"rendered":"http:\/\/blogdoedvaldomagalhaes.com.br\/index.php\/2016\/10\/18\/candidato-tony-gel-garante-que-dara\/"},"modified":"2019-02-09T01:03:20","modified_gmt":"2019-02-09T03:03:20","slug":"candidato-tony-gel-garante-que-dara","status":"publish","type":"post","link":"https:\/\/blogdoedvaldomagalhaes.com.br\/index.php\/2016\/10\/18\/candidato-tony-gel-garante-que-dara\/","title":{"rendered":"Candidato Tony Gel garante que dar\u00e1 tratamento humanizado aos servidores"},"content":{"rendered":"<div class=\"separator\" style=\"clear: both; text-align: center;\">\n<a href=\"https:\/\/2.bp.blogspot.com\/-UXPm-yTh7tU\/WAYn-YddP1I\/AAAAAAAAIZI\/DaGwUTnpeGEivQ2Tfco_hLbsjF5WpbbhQCLcB\/s1600\/TONY%2Bessa.jpeg\" imageanchor=\"1\" style=\"margin-left: 1em; margin-right: 1em;\"><img loading=\"lazy\" decoding=\"async\" border=\"0\" height=\"180\" src=\"http:\/\/blogdoedvaldomagalhaes.com.br\/wp-content\/uploads\/2016\/10\/TONYessa.jpeg\" width=\"320\" \/><\/a><\/div>\n<p><\/p>\n<div class=\"MsoNoSpacing\" style=\"text-align: justify;\">\nA<br \/>\nR\u00e1dio Liberdade entrevistou esta semana os candidatos \u00e0 Prefeitura de Caruaru,<br \/>\nRaquel Lyra (PSDB) e Tony Gel (PMDB), que disputam o 2\u00ba turno das elei\u00e7\u00f5es<br \/>\nmunicipais. Eles foram sabatinados no Programa Show da Cidade, pela<br \/>\napresentadora Elaine Dias e o analista pol\u00edtico Marco Aur\u00e9lio.<\/div>\n<div class=\"MsoNoSpacing\" style=\"text-align: justify;\">\n<\/div>\n<div class=\"MsoNoSpacing\" style=\"text-align: justify;\">\nNesta<br \/>\nter\u00e7a-feira (18), acompanhado do vice candidato Raffi\u00ea Dellon, Tony Gel falou durante<br \/>\numa hora sobre algumas de suas propostas de governo e da campanha eleitoral. <\/div>\n<div class=\"MsoNoSpacing\" style=\"text-align: justify;\">\n<\/div>\n<div class=\"MsoNoSpacing\" style=\"text-align: justify;\">\nO<br \/>\ndeputado afirmou que n\u00e3o est\u00e1 buscando a prefeitura como se fosse uma t\u00e1bua de<br \/>\nsalva\u00e7\u00e3o para a sua vida e que n\u00e3o \u00e9 candidato a prefeito em busca do poder<br \/>\npelo poder. Disse que fez um pacto com o povo, alian\u00e7a com o povo e o povo est\u00e1<br \/>\nconfirmando este pacto.<\/div>\n<div class=\"MsoNoSpacing\" style=\"text-align: justify;\">\n<\/div>\n<div class=\"MsoNoSpacing\" style=\"text-align: justify;\">\nTony<br \/>\nGel garantiu que dar\u00e1 tratamento humanizado aos servidores e que, se eleito,<br \/>\nir\u00e1 melhorar a vida dos caruaruenses, a sa\u00fade, a seguran\u00e7a, educa\u00e7\u00e3o e o<br \/>\natendimento ao povo da zona rural. Ele afirmou que os servidores p\u00fablicos<br \/>\nmerecem respeito e dignidade. <\/div>\n<div class=\"MsoNoSpacing\" style=\"text-align: justify;\">\n<\/div>\n<div class=\"MsoNoSpacing\" style=\"text-align: justify;\">\nTranquilizando<br \/>\nos professores, o candidato lembrou que o PCC foi elaborado em sua gest\u00e3o, mas<br \/>\nfoi alterado e os profissionais perderam benef\u00edcios. Garantiu tamb\u00e9m que os<br \/>\ncontratados temporariamente receber\u00e3o uma remunera\u00e7\u00e3o melhor e 13\u00ba, pois<br \/>\ncontar\u00e1 com recursos do Fundeb \u2013 Fundo de manuten\u00e7\u00e3o e Desenvolvimento da<br \/>\nEduca\u00e7\u00e3o B\u00e1sica. <\/div>\n<div class=\"MsoNoSpacing\" style=\"text-align: justify;\">\n<\/div>\n<div class=\"MsoNoSpacing\" style=\"text-align: justify;\">\nNa<br \/>\nentrevista, Tony Gel subiu o tom em rela\u00e7\u00e3o a campanha da advers\u00e1ria, Raquel<br \/>\nLyra. Ele lamentou que a campanha dela tenha provocado uma deseduca\u00e7\u00e3o pol\u00edtica,<br \/>\num festival de incoer\u00eancia e jogo sujo.<\/div>\n<div class=\"MsoNoSpacing\" style=\"text-align: justify;\">\n<\/div>\n<div class=\"MsoNoSpacing\" style=\"text-align: justify;\">\nClique <a href=\"http:\/\/eleicoes.liberdade.com.br\/\" target=\"_blank\">AQUI<\/a> e ou\u00e7a as duas entrevistas no site da R\u00e1dio Liberdade.<\/div>\n<p><\/p>\n","protected":false},"excerpt":{"rendered":"<p>A R\u00e1dio Liberdade entrevistou esta semana os candidatos \u00e0 Prefeitura de Caruaru, Raquel Lyra (PSDB) e Tony Gel (PMDB), que&hellip;<\/p>\n","protected":false},"author":1,"featured_media":0,"comment_status":"open","ping_status":"open","sticky":false,"template":"","format":"standard","meta":{"footnotes":""},"categories":[1],"tags":[2,11669,11431],"class_list":["post-7955","post","type-post","status-publish","format-standard","hentry","category-sem-categoria","tag-blog-do-edvaldo-magalhaes","tag-candidato-tony-gel-garante-que-dara-tratamento-humanizado-aos-servidores","tag-eleicoes-2016"],"_links":{"self":[{"href":"https:\/\/blogdoedvaldomagalhaes.com.br\/index.php\/wp-json\/wp\/v2\/posts\/7955","targetHints":{"allow":["GET"]}}],"collection":[{"href":"https:\/\/blogdoedvaldomagalhaes.com.br\/index.php\/wp-json\/wp\/v2\/posts"}],"about":[{"href":"https:\/\/blogdoedvaldomagalhaes.com.br\/index.php\/wp-json\/wp\/v2\/types\/post"}],"author":[{"embeddable":true,"href":"https:\/\/blogdoedvaldomagalhaes.com.br\/index.php\/wp-json\/wp\/v2\/users\/1"}],"replies":[{"embeddable":true,"href":"https:\/\/blogdoedvaldomagalhaes.com.br\/index.php\/wp-json\/wp\/v2\/comments?post=7955"}],"version-history":[{"count":1,"href":"https:\/\/blogdoedvaldomagalhaes.com.br\/index.php\/wp-json\/wp\/v2\/posts\/7955\/revisions"}],"predecessor-version":[{"id":13375,"href":"https:\/\/blogdoedvaldomagalhaes.com.br\/index.php\/wp-json\/wp\/v2\/posts\/7955\/revisions\/13375"}],"wp:attachment":[{"href":"https:\/\/blogdoedvaldomagalhaes.com.br\/index.php\/wp-json\/wp\/v2\/media?parent=7955"}],"wp:term":[{"taxonomy":"category","embeddable":true,"href":"https:\/\/blogdoedvaldomagalhaes.com.br\/index.php\/wp-json\/wp\/v2\/categories?post=7955"},{"taxonomy":"post_tag","embeddable":true,"href":"https:\/\/blogdoedvaldomagalhaes.com.br\/index.php\/wp-json\/wp\/v2\/tags?post=7955"}],"curies":[{"name":"wp","href":"https:\/\/api.w.org\/{rel}","templated":true}]}}