{"id":7953,"date":"2016-10-18T16:14:00","date_gmt":"2016-10-18T18:14:00","guid":{"rendered":"http:\/\/blogdoedvaldomagalhaes.com.br\/index.php\/2016\/10\/18\/banda-avioes-do-forro-e-investigada\/"},"modified":"2019-02-09T01:03:20","modified_gmt":"2019-02-09T03:03:20","slug":"banda-avioes-do-forro-e-investigada","status":"publish","type":"post","link":"https:\/\/blogdoedvaldomagalhaes.com.br\/index.php\/2016\/10\/18\/banda-avioes-do-forro-e-investigada\/","title":{"rendered":"Banda Avi\u00f5es do forr\u00f3 \u00e9 investigada pela Pol\u00edcia Federal"},"content":{"rendered":"<div style=\"list-style: none; text-align: justify;\">\n<div class=\"separator\" style=\"clear: both; text-align: center;\">\n<a href=\"https:\/\/3.bp.blogspot.com\/-BJeeMPQp8qs\/WAZLo8zhn4I\/AAAAAAAAIZo\/OsQejBDV62wMWuIaYy7Blt-ZCmSjeVaNgCLcB\/s1600\/avi%255Does.jpg\" imageanchor=\"1\" style=\"margin-left: 1em; margin-right: 1em;\"><img loading=\"lazy\" decoding=\"async\" border=\"0\" height=\"267\" src=\"http:\/\/blogdoedvaldomagalhaes.com.br\/wp-content\/uploads\/2016\/10\/avi5Does.jpg\" width=\"400\" \/><\/a><\/div>\n<p>\nNesta ter\u00e7a-feira (18) foi deflagrada a Opera\u00e7\u00e3o For All pela Pol\u00edcia e Receita Federal. A a\u00e7\u00e3o investiga fraudes no imposto de renda envolvendo o grupo Avi\u00f5es do Forr\u00f3 que administra outras bandas, a Avi\u00f5es do Forr\u00f3 e casas de show. De acordo com as apura\u00e7\u00f5es o grupo estaria omitindo informa\u00e7\u00f5es relevantes em suas declara\u00e7\u00f5es de Imposto de Renda e fornecendo dados falsos para livrar-se da cobran\u00e7a de tributos. As outras acusa\u00e7\u00f5es d\u00e3o conta da poss\u00edvel ocorr\u00eancia de lavagem de dinheiro, falsidade ideol\u00f3gica e associa\u00e7\u00e3o criminosa.<\/div>\n<div style=\"list-style: none; text-align: justify;\">\n<\/div>\n<div style=\"list-style: none; text-align: justify;\">\nH\u00e1 mandados contra os cantores Solange Almeida e Xandy Avi\u00e3o. Os envolvidos tiveram os sigilos fiscais quebrados pela investiga\u00e7\u00e3o. 32 mandados de condu\u00e7\u00e3o coercetiva e 44 de buscac e apreens\u00e3o est\u00e3o sendo cumpridos. Bloqueios de im\u00f3veis e ve\u00edculos de pessoas ligadas ao grupo tamb\u00e9m foram bloqueados pela a\u00e7\u00e3o.<\/div>\n","protected":false},"excerpt":{"rendered":"<p>Nesta ter\u00e7a-feira (18) foi deflagrada a Opera\u00e7\u00e3o For All pela Pol\u00edcia e Receita Federal. A a\u00e7\u00e3o investiga fraudes no imposto&hellip;<\/p>\n","protected":false},"author":1,"featured_media":0,"comment_status":"open","ping_status":"open","sticky":false,"template":"","format":"standard","meta":{"footnotes":""},"categories":[1],"tags":[11666,2,6,4309,11667],"class_list":["post-7953","post","type-post","status-publish","format-standard","hentry","category-sem-categoria","tag-banda-avioes-do-forro-e-investigada-pela-policia-federal","tag-blog-do-edvaldo-magalhaes","tag-noticias","tag-solange-almeida","tag-xandy-aviao"],"_links":{"self":[{"href":"https:\/\/blogdoedvaldomagalhaes.com.br\/index.php\/wp-json\/wp\/v2\/posts\/7953","targetHints":{"allow":["GET"]}}],"collection":[{"href":"https:\/\/blogdoedvaldomagalhaes.com.br\/index.php\/wp-json\/wp\/v2\/posts"}],"about":[{"href":"https:\/\/blogdoedvaldomagalhaes.com.br\/index.php\/wp-json\/wp\/v2\/types\/post"}],"author":[{"embeddable":true,"href":"https:\/\/blogdoedvaldomagalhaes.com.br\/index.php\/wp-json\/wp\/v2\/users\/1"}],"replies":[{"embeddable":true,"href":"https:\/\/blogdoedvaldomagalhaes.com.br\/index.php\/wp-json\/wp\/v2\/comments?post=7953"}],"version-history":[{"count":1,"href":"https:\/\/blogdoedvaldomagalhaes.com.br\/index.php\/wp-json\/wp\/v2\/posts\/7953\/revisions"}],"predecessor-version":[{"id":13379,"href":"https:\/\/blogdoedvaldomagalhaes.com.br\/index.php\/wp-json\/wp\/v2\/posts\/7953\/revisions\/13379"}],"wp:attachment":[{"href":"https:\/\/blogdoedvaldomagalhaes.com.br\/index.php\/wp-json\/wp\/v2\/media?parent=7953"}],"wp:term":[{"taxonomy":"category","embeddable":true,"href":"https:\/\/blogdoedvaldomagalhaes.com.br\/index.php\/wp-json\/wp\/v2\/categories?post=7953"},{"taxonomy":"post_tag","embeddable":true,"href":"https:\/\/blogdoedvaldomagalhaes.com.br\/index.php\/wp-json\/wp\/v2\/tags?post=7953"}],"curies":[{"name":"wp","href":"https:\/\/api.w.org\/{rel}","templated":true}]}}