{"id":7952,"date":"2016-10-18T16:51:00","date_gmt":"2016-10-18T18:51:00","guid":{"rendered":"http:\/\/blogdoedvaldomagalhaes.com.br\/index.php\/2016\/10\/18\/unica-mulher-eleita-vereadora-e\/"},"modified":"2019-02-09T01:03:21","modified_gmt":"2019-02-09T03:03:21","slug":"unica-mulher-eleita-vereadora-e","status":"publish","type":"post","link":"https:\/\/blogdoedvaldomagalhaes.com.br\/index.php\/2016\/10\/18\/unica-mulher-eleita-vereadora-e\/","title":{"rendered":"\u00danica mulher eleita vereadora em Caruaru gastou apenas R$ 21,00"},"content":{"rendered":"<div class=\"separator\" style=\"clear: both; text-align: center;\">\n<a href=\"https:\/\/2.bp.blogspot.com\/-6UaJ1dcZZHQ\/WAZPthIxBFI\/AAAAAAAAIZ0\/61tnV6EaDaIfZlEnaasZPJAKJtRr7Ui1QCLcB\/s1600\/zez%25C3%25A9.jpg\" imageanchor=\"1\" style=\"margin-left: 1em; margin-right: 1em;\"><img loading=\"lazy\" decoding=\"async\" border=\"0\" height=\"225\" src=\"http:\/\/blogdoedvaldomagalhaes.com.br\/wp-content\/uploads\/2016\/10\/zezC3A9.jpg\" width=\"400\" \/><\/a><\/div>\n<div style=\"text-align: center;\">\n&nbsp;Casa da Mam\u00e3e Zez\u00e9<\/div>\n<div class=\"separator\" style=\"clear: both; text-align: center;\">\n<a href=\"https:\/\/3.bp.blogspot.com\/-ltMOebMB0ZI\/WAZPv9S0QjI\/AAAAAAAAIZ4\/3vZHRrNp4iogTjokUi-_P8QGFww1HVIGwCLcB\/s1600\/zez%25C3%25A9%2B4.jpg\" imageanchor=\"1\" style=\"margin-left: 1em; margin-right: 1em;\"><img loading=\"lazy\" decoding=\"async\" border=\"0\" height=\"400\" src=\"http:\/\/blogdoedvaldomagalhaes.com.br\/wp-content\/uploads\/2016\/10\/zezC3A94.jpg\" width=\"300\" \/><\/a><\/div>\n<div class=\"separator\" style=\"clear: both; text-align: center;\">\nFoto de Zez\u00e9 ap\u00f3s realizar um parto<\/div>\n<div class=\"separator\" style=\"clear: both; text-align: center;\">\n<a href=\"https:\/\/3.bp.blogspot.com\/-lLsttsZ6guQ\/WAZQI_ko5rI\/AAAAAAAAIZ8\/iTSFqFWu6x0HG5i46h5ARr0Rh2AglFg1QCLcB\/s1600\/zez%25C3%25A9%2B0.jpg\" imageanchor=\"1\" style=\"margin-left: 1em; margin-right: 1em;\"><img loading=\"lazy\" decoding=\"async\" border=\"0\" height=\"262\" src=\"http:\/\/blogdoedvaldomagalhaes.com.br\/wp-content\/uploads\/2016\/10\/zezC3A90.jpg\" width=\"400\" \/><\/a><\/div>\n<div class=\"separator\" style=\"clear: both; text-align: center;\">\nNesta foto Zez\u00e9 est\u00e1 ao lado de Gisele B\u00fcndchen<\/div>\n<div class=\"separator\" style=\"clear: both; text-align: center;\">\n<\/div>\n<div class=\"separator\" style=\"clear: both; text-align: justify;\">\nA C\u00e2mara Municipal de Caruaru voltar\u00e1 a ter uma mulher na pr\u00f3xima legislatura, foi eleita no \u00faltimo dia 02 de Outubro, Maria Jos\u00e9 Galdino da Silva (Zez\u00e9), de 58 anos de idade, natural de Gravat\u00e1, Ela \u00e9 Agente de Sa\u00fade e Sanitarista. Tem apenas o Ensino Fundamental Completo.<\/div>\n<div class=\"separator\" style=\"clear: both; text-align: justify;\">\n<\/div>\n<div class=\"separator\" style=\"clear: both; text-align: justify;\">\nZez\u00e9 Parteira,&nbsp;conhecida tamb\u00e9m como mam\u00e3e Zez\u00e9, foi eleita vereadora em Caruaru, com 900 votos, e gastando apenas R$ 21,00 com as fotos e nada mais.<\/div>\n<div style=\"text-align: justify;\">\n<\/div>\n<div style=\"text-align: justify;\">\nZez\u00e9 foi eleita pelo PV, partido da coliga\u00e7\u00e3o de Tony Gel (PMDB), \u00e9 a \u00fanica mulher eleita nesta legislatura. Parteira de profiss\u00e3o, assalariada, gente do povo e da zona rural, ser\u00e1 a voz das mulheres mais humildes de Caruaru no Poder Legislativo Municipal.<\/div>\n","protected":false},"excerpt":{"rendered":"<p>&nbsp;Casa da Mam\u00e3e Zez\u00e9 Foto de Zez\u00e9 ap\u00f3s realizar um parto Nesta foto Zez\u00e9 est\u00e1 ao lado de Gisele B\u00fcndchen&hellip;<\/p>\n","protected":false},"author":1,"featured_media":0,"comment_status":"open","ping_status":"open","sticky":false,"template":"","format":"standard","meta":{"footnotes":""},"categories":[1],"tags":[11664,2,11431,11665],"class_list":["post-7952","post","type-post","status-publish","format-standard","hentry","category-sem-categoria","tag-11664","tag-blog-do-edvaldo-magalhaes","tag-eleicoes-2016","tag-unica-mulher-eleita-vereadora-em-caruaru-gastou-apenas-r-21"],"_links":{"self":[{"href":"https:\/\/blogdoedvaldomagalhaes.com.br\/index.php\/wp-json\/wp\/v2\/posts\/7952","targetHints":{"allow":["GET"]}}],"collection":[{"href":"https:\/\/blogdoedvaldomagalhaes.com.br\/index.php\/wp-json\/wp\/v2\/posts"}],"about":[{"href":"https:\/\/blogdoedvaldomagalhaes.com.br\/index.php\/wp-json\/wp\/v2\/types\/post"}],"author":[{"embeddable":true,"href":"https:\/\/blogdoedvaldomagalhaes.com.br\/index.php\/wp-json\/wp\/v2\/users\/1"}],"replies":[{"embeddable":true,"href":"https:\/\/blogdoedvaldomagalhaes.com.br\/index.php\/wp-json\/wp\/v2\/comments?post=7952"}],"version-history":[{"count":1,"href":"https:\/\/blogdoedvaldomagalhaes.com.br\/index.php\/wp-json\/wp\/v2\/posts\/7952\/revisions"}],"predecessor-version":[{"id":13383,"href":"https:\/\/blogdoedvaldomagalhaes.com.br\/index.php\/wp-json\/wp\/v2\/posts\/7952\/revisions\/13383"}],"wp:attachment":[{"href":"https:\/\/blogdoedvaldomagalhaes.com.br\/index.php\/wp-json\/wp\/v2\/media?parent=7952"}],"wp:term":[{"taxonomy":"category","embeddable":true,"href":"https:\/\/blogdoedvaldomagalhaes.com.br\/index.php\/wp-json\/wp\/v2\/categories?post=7952"},{"taxonomy":"post_tag","embeddable":true,"href":"https:\/\/blogdoedvaldomagalhaes.com.br\/index.php\/wp-json\/wp\/v2\/tags?post=7952"}],"curies":[{"name":"wp","href":"https:\/\/api.w.org\/{rel}","templated":true}]}}