{"id":79499,"date":"2022-01-19T14:44:43","date_gmt":"2022-01-19T17:44:43","guid":{"rendered":"https:\/\/blogdoedvaldomagalhaes.com.br\/?p=79499"},"modified":"2022-01-19T20:24:35","modified_gmt":"2022-01-19T23:24:35","slug":"paciente-morre-com-suspeita-de-dengue-hemorragica-no-hmv-em-caruaru","status":"publish","type":"post","link":"https:\/\/blogdoedvaldomagalhaes.com.br\/index.php\/2022\/01\/19\/paciente-morre-com-suspeita-de-dengue-hemorragica-no-hmv-em-caruaru\/","title":{"rendered":"Paciente morre com suspeita de dengue hemorr\u00e1gica no HMV, em Caruaru"},"content":{"rendered":"<p style=\"text-align: justify;\">O Hospital Mestre Vitalino (HVM), informou ao Blog do Edvaldo Magalh\u00e3es que, nessa ter\u00e7a-feira (18), recebeu o paciente F\u00e1bio Arruda de Andrade, <span style=\"font-size: inherit;\">31 anos de idade, proveniente da UPA Rendeiras (Caruaru), com sintomas caracter\u00edsticos de dengue hemorr\u00e1gica, em estado grav\u00edssimo, evoluindo para o \u00f3bito antes mesmo da realiza\u00e7\u00e3o da sorologia para a doen\u00e7a.<\/span><\/p>\n<p style=\"text-align: justify;\">Nesse caso fica registrado como suspeito, pois n\u00e3o houve tempo para coleta e envio do sangue para an\u00e1lise.<\/p>\n<p style=\"text-align: justify;\">A Secretaria de Sa\u00fade de Caruaru, tamb\u00e9m emitiu uma nota informando, que n\u00e3o recebeu nenhuma notifica\u00e7\u00e3o de \u00f3bito por arbovirose no munic\u00edpio, e que o \u00faltimo \u00f3bito foi confirmado em 2017. Recentemente, o munic\u00edpio realizou o LIRA, indicador que mede o risco de adoecimento da popula\u00e7\u00e3o, e segue realizando as a\u00e7\u00f5es de combate e preven\u00e7\u00e3o \u00e0s arboviroses.<\/p>\n<p>Foto: Reprodu\u00e7\u00e3o.<\/p>\n","protected":false},"excerpt":{"rendered":"<p>O Hospital Mestre Vitalino (HVM), informou ao Blog do Edvaldo Magalh\u00e3es que, nessa ter\u00e7a-feira (18), recebeu o paciente F\u00e1bio Arruda&hellip;<\/p>\n","protected":false},"author":1,"featured_media":20027,"comment_status":"open","ping_status":"open","sticky":false,"template":"","format":"standard","meta":{"footnotes":""},"categories":[14120],"tags":[2,19532,3406,23835],"class_list":["post-79499","post","type-post","status-publish","format-standard","has-post-thumbnail","hentry","category-noticias","tag-blog-do-edvaldo-magalhaes","tag-blog-mais-acessado-e-visualizado-de-caruaru-e-regiao","tag-caruaru","tag-paciente-morre-com-suspeita-de-dengue-hemorragica-no-hmv-em-caruaru"],"_links":{"self":[{"href":"https:\/\/blogdoedvaldomagalhaes.com.br\/index.php\/wp-json\/wp\/v2\/posts\/79499","targetHints":{"allow":["GET"]}}],"collection":[{"href":"https:\/\/blogdoedvaldomagalhaes.com.br\/index.php\/wp-json\/wp\/v2\/posts"}],"about":[{"href":"https:\/\/blogdoedvaldomagalhaes.com.br\/index.php\/wp-json\/wp\/v2\/types\/post"}],"author":[{"embeddable":true,"href":"https:\/\/blogdoedvaldomagalhaes.com.br\/index.php\/wp-json\/wp\/v2\/users\/1"}],"replies":[{"embeddable":true,"href":"https:\/\/blogdoedvaldomagalhaes.com.br\/index.php\/wp-json\/wp\/v2\/comments?post=79499"}],"version-history":[{"count":3,"href":"https:\/\/blogdoedvaldomagalhaes.com.br\/index.php\/wp-json\/wp\/v2\/posts\/79499\/revisions"}],"predecessor-version":[{"id":79510,"href":"https:\/\/blogdoedvaldomagalhaes.com.br\/index.php\/wp-json\/wp\/v2\/posts\/79499\/revisions\/79510"}],"wp:featuredmedia":[{"embeddable":true,"href":"https:\/\/blogdoedvaldomagalhaes.com.br\/index.php\/wp-json\/wp\/v2\/media\/20027"}],"wp:attachment":[{"href":"https:\/\/blogdoedvaldomagalhaes.com.br\/index.php\/wp-json\/wp\/v2\/media?parent=79499"}],"wp:term":[{"taxonomy":"category","embeddable":true,"href":"https:\/\/blogdoedvaldomagalhaes.com.br\/index.php\/wp-json\/wp\/v2\/categories?post=79499"},{"taxonomy":"post_tag","embeddable":true,"href":"https:\/\/blogdoedvaldomagalhaes.com.br\/index.php\/wp-json\/wp\/v2\/tags?post=79499"}],"curies":[{"name":"wp","href":"https:\/\/api.w.org\/{rel}","templated":true}]}}