{"id":79496,"date":"2022-01-19T14:22:37","date_gmt":"2022-01-19T17:22:37","guid":{"rendered":"https:\/\/blogdoedvaldomagalhaes.com.br\/?p=79496"},"modified":"2022-01-19T14:22:38","modified_gmt":"2022-01-19T17:22:38","slug":"sesi-pe-oferece-mil-vagas-gratuitas-para-ensino-de-jovens-e-adultos-em-2022","status":"publish","type":"post","link":"https:\/\/blogdoedvaldomagalhaes.com.br\/index.php\/2022\/01\/19\/sesi-pe-oferece-mil-vagas-gratuitas-para-ensino-de-jovens-e-adultos-em-2022\/","title":{"rendered":"SESI-PE oferece mil vagas gratuitas para Ensino de Jovens e Adultos em 2022"},"content":{"rendered":"<p style=\"text-align: justify;\"><span style=\"font-size: inherit;\">O Servi\u00e7o Social da Ind\u00fastria de Pernambuco (SESI-PE) est\u00e1 ofertando mil vagas gratuitas para a Educa\u00e7\u00e3o de Jovens e Adultos Profissionalizante (EJA). As turmas ter\u00e3o in\u00edcio nos pr\u00f3ximos meses de mar\u00e7o e de julho. As vagas s\u00e3o para toda a rede de Educa\u00e7\u00e3o SESI em Pernambuco e as inscri\u00e7\u00f5es podem ser realizadas at\u00e9 o dia 02 de mar\u00e7o, em qualquer unidade, de forma presencial ou pelo e-mail matriculaeja@sistemafiepe.org.br. Al\u00e9m de concluir os estudos, o programa permite que o estudante fa\u00e7a um curso de qualifica\u00e7\u00e3o profissional no SENAI-PE.<\/span><\/p>\n<p style=\"text-align: justify;\">Das 500 vagas oferecidas para este semestre, 250 s\u00e3o destinadas para os interessados em cursar a EJA Ensino Fundamental Anos Finais, voltada para estudantes a partir de 15 anos. J\u00e1 as vagas restantes s\u00e3o voltadas para quem tem 18 anos ou mais e tem interesse em concluir os \u00faltimos anos da educa\u00e7\u00e3o regular, por meio do EJA Ensino M\u00e9dio. As aulas acontecer\u00e3o de duas formas: online (100% EAD) e semipresencial (80% EAD e 20% presencial). A modalidade semipresencial, no entanto, ser\u00e1 oferecida apenas nas unidades do Vasco da Gama, Ibura e Caruaru e contar\u00e1 com um encontro presencial por semana.<\/p>\n<p style=\"text-align: justify;\">&#8220;A EJA SESI \u00e9 ideal para os jovens e adultos que est\u00e3o em busca de terminar os estudos sem custos, em uma institui\u00e7\u00e3o de ensino de qualidade, e com flexibiliza\u00e7\u00e3o de hor\u00e1rio, j\u00e1 que, quem optar pela modalidade online, poder\u00e1 acessar os conte\u00fados via internet em qualquer hor\u00e1rio e lugar. Nosso objetivo \u00e9 possibilitar que cada um construa o futuro promissor que almeja&#8221;, explica a gerente de Educa\u00e7\u00e3o do SESI\u2013PE, Mirella Barreto.<\/p>\n<p style=\"text-align: justify;\">Para realizar a inscri\u00e7\u00e3o \u00e9 necess\u00e1rio apresentar os seguintes documentos: uma foto 3&#215;4; c\u00f3pia do RG e CPF; c\u00f3pia da certid\u00e3o de nascimento ou casamento; c\u00f3pia do comprovante de resid\u00eancia; declara\u00e7\u00e3o de insufici\u00eancia de renda escrita a pr\u00f3prio punho; e hist\u00f3rico escolar original. A via original do hist\u00f3rico escolar dever\u00e1 ser entregue presencialmente, em qualquer unidade do SESI ou na Casa da Ind\u00fastria, mesmo para as pessoas que optarem por realizar a inscri\u00e7\u00e3o por e-mail.<\/p>\n","protected":false},"excerpt":{"rendered":"<p>O Servi\u00e7o Social da Ind\u00fastria de Pernambuco (SESI-PE) est\u00e1 ofertando mil vagas gratuitas para a Educa\u00e7\u00e3o de Jovens e Adultos&hellip;<\/p>\n","protected":false},"author":1,"featured_media":79497,"comment_status":"open","ping_status":"open","sticky":false,"template":"","format":"standard","meta":{"footnotes":""},"categories":[14120],"tags":[2,19532,3406,23834],"class_list":["post-79496","post","type-post","status-publish","format-standard","has-post-thumbnail","hentry","category-noticias","tag-blog-do-edvaldo-magalhaes","tag-blog-mais-acessado-e-visualizado-de-caruaru-e-regiao","tag-caruaru","tag-sesi-pe-oferece-mil-vagas-gratuitas-para-ensino-de-jovens-e-adultos-em-2022"],"_links":{"self":[{"href":"https:\/\/blogdoedvaldomagalhaes.com.br\/index.php\/wp-json\/wp\/v2\/posts\/79496","targetHints":{"allow":["GET"]}}],"collection":[{"href":"https:\/\/blogdoedvaldomagalhaes.com.br\/index.php\/wp-json\/wp\/v2\/posts"}],"about":[{"href":"https:\/\/blogdoedvaldomagalhaes.com.br\/index.php\/wp-json\/wp\/v2\/types\/post"}],"author":[{"embeddable":true,"href":"https:\/\/blogdoedvaldomagalhaes.com.br\/index.php\/wp-json\/wp\/v2\/users\/1"}],"replies":[{"embeddable":true,"href":"https:\/\/blogdoedvaldomagalhaes.com.br\/index.php\/wp-json\/wp\/v2\/comments?post=79496"}],"version-history":[{"count":1,"href":"https:\/\/blogdoedvaldomagalhaes.com.br\/index.php\/wp-json\/wp\/v2\/posts\/79496\/revisions"}],"predecessor-version":[{"id":79498,"href":"https:\/\/blogdoedvaldomagalhaes.com.br\/index.php\/wp-json\/wp\/v2\/posts\/79496\/revisions\/79498"}],"wp:featuredmedia":[{"embeddable":true,"href":"https:\/\/blogdoedvaldomagalhaes.com.br\/index.php\/wp-json\/wp\/v2\/media\/79497"}],"wp:attachment":[{"href":"https:\/\/blogdoedvaldomagalhaes.com.br\/index.php\/wp-json\/wp\/v2\/media?parent=79496"}],"wp:term":[{"taxonomy":"category","embeddable":true,"href":"https:\/\/blogdoedvaldomagalhaes.com.br\/index.php\/wp-json\/wp\/v2\/categories?post=79496"},{"taxonomy":"post_tag","embeddable":true,"href":"https:\/\/blogdoedvaldomagalhaes.com.br\/index.php\/wp-json\/wp\/v2\/tags?post=79496"}],"curies":[{"name":"wp","href":"https:\/\/api.w.org\/{rel}","templated":true}]}}