{"id":79492,"date":"2022-01-19T12:07:32","date_gmt":"2022-01-19T15:07:32","guid":{"rendered":"https:\/\/blogdoedvaldomagalhaes.com.br\/?p=79492"},"modified":"2022-01-19T12:07:34","modified_gmt":"2022-01-19T15:07:34","slug":"servidores-da-prefeitura-de-caruaru-nascidos-em-janeiro-ja-podem-realizar-o-recadastramento-2022","status":"publish","type":"post","link":"https:\/\/blogdoedvaldomagalhaes.com.br\/index.php\/2022\/01\/19\/servidores-da-prefeitura-de-caruaru-nascidos-em-janeiro-ja-podem-realizar-o-recadastramento-2022\/","title":{"rendered":"Servidores da Prefeitura de Caruaru nascidos em janeiro j\u00e1 podem realizar o Recadastramento 2022"},"content":{"rendered":"<p style=\"text-align: justify;\"><span style=\"font-size: inherit;\">A Prefeitura de Caruaru, por meio da Secretaria de Administra\u00e7\u00e3o (SAD), est\u00e1 convocando os seus servidores efetivos ativos, comissionados, cedidos e tempor\u00e1rios para atualizarem os respectivos dados cadastrais atrav\u00e9s do link http:\/\/recadastramento.caruaru.pe.gov.br:82\/caruaru\/login<\/span><\/p>\n<p style=\"text-align: justify;\">Diferentemente do ano passado, em 2022 o Recadastramento Anual dos Servidores se dar\u00e1 no sistema: \u201cm\u00eas do anivers\u00e1rio\u201d, com o procedimento j\u00e1 dispon\u00edvel para os nascidos neste m\u00eas de janeiro e, assim, sucessivamente.<\/p>\n<p style=\"text-align: justify;\">A SAD alerta que, se os servidores n\u00e3o realizarem o procedimento no per\u00edodo estipulado, ter\u00e3o os seus vencimentos ou sal\u00e1rios bloqueados. Neste caso, os pagamentos ser\u00e3o restabelecidos somente ap\u00f3s a regulariza\u00e7\u00e3o do recadastramento. A pasta ainda estabelece, atrav\u00e9s de portaria publicada, puni\u00e7\u00f5es penais e administrativas para os servidores que prestarem informa\u00e7\u00f5es falsas ou incorretas.<\/p>\n<p style=\"text-align: justify;\">Ao acessarem o canal de recadastramento, eles ter\u00e3o de digitar os n\u00fameros do CPF, da data de nascimento, bem como da senha. Esta \u00faltima corresponde justamente ao n\u00famero da matr\u00edcula de cada servidor.<\/p>\n<p style=\"text-align: justify;\">A Secretaria de Administra\u00e7\u00e3o disponibiliza o WhatsApp (81) 98384-5922 e o e-mail rhfolha.pmc@gmail.com para a retirada de d\u00favidas em rela\u00e7\u00e3o ao n\u00famero da matr\u00edcula. A pasta tamb\u00e9m refor\u00e7a que ela pode ser solicitada acionando a chefia direta.<\/p>\n<p style=\"text-align: justify;\">Durante o processo, caso os servidores verifiquem a necessidade de atualizar dados, eles ter\u00e3o de anexar os documentos comprobat\u00f3rios de forma digitalizada e no local indicado no sistema da plataforma. Exemplos: altera\u00e7\u00f5es de estado civil, de endere\u00e7o, bem como inclus\u00e3o de certid\u00e3o de nascimento de filho.<\/p>\n<p>Fotos: Elvis Edson\/Prefeitura de Caruaru.<\/p>\n","protected":false},"excerpt":{"rendered":"<p>A Prefeitura de Caruaru, por meio da Secretaria de Administra\u00e7\u00e3o (SAD), est\u00e1 convocando os seus servidores efetivos ativos, comissionados, cedidos&hellip;<\/p>\n","protected":false},"author":1,"featured_media":79493,"comment_status":"open","ping_status":"open","sticky":false,"template":"","format":"standard","meta":{"footnotes":""},"categories":[14120],"tags":[2,19532,3406,23833],"class_list":["post-79492","post","type-post","status-publish","format-standard","has-post-thumbnail","hentry","category-noticias","tag-blog-do-edvaldo-magalhaes","tag-blog-mais-acessado-e-visualizado-de-caruaru-e-regiao","tag-caruaru","tag-servidores-da-prefeitura-de-caruaru-nascidos-em-janeiro-ja-podem-realizar-o-recadastramento-2022"],"_links":{"self":[{"href":"https:\/\/blogdoedvaldomagalhaes.com.br\/index.php\/wp-json\/wp\/v2\/posts\/79492","targetHints":{"allow":["GET"]}}],"collection":[{"href":"https:\/\/blogdoedvaldomagalhaes.com.br\/index.php\/wp-json\/wp\/v2\/posts"}],"about":[{"href":"https:\/\/blogdoedvaldomagalhaes.com.br\/index.php\/wp-json\/wp\/v2\/types\/post"}],"author":[{"embeddable":true,"href":"https:\/\/blogdoedvaldomagalhaes.com.br\/index.php\/wp-json\/wp\/v2\/users\/1"}],"replies":[{"embeddable":true,"href":"https:\/\/blogdoedvaldomagalhaes.com.br\/index.php\/wp-json\/wp\/v2\/comments?post=79492"}],"version-history":[{"count":1,"href":"https:\/\/blogdoedvaldomagalhaes.com.br\/index.php\/wp-json\/wp\/v2\/posts\/79492\/revisions"}],"predecessor-version":[{"id":79494,"href":"https:\/\/blogdoedvaldomagalhaes.com.br\/index.php\/wp-json\/wp\/v2\/posts\/79492\/revisions\/79494"}],"wp:featuredmedia":[{"embeddable":true,"href":"https:\/\/blogdoedvaldomagalhaes.com.br\/index.php\/wp-json\/wp\/v2\/media\/79493"}],"wp:attachment":[{"href":"https:\/\/blogdoedvaldomagalhaes.com.br\/index.php\/wp-json\/wp\/v2\/media?parent=79492"}],"wp:term":[{"taxonomy":"category","embeddable":true,"href":"https:\/\/blogdoedvaldomagalhaes.com.br\/index.php\/wp-json\/wp\/v2\/categories?post=79492"},{"taxonomy":"post_tag","embeddable":true,"href":"https:\/\/blogdoedvaldomagalhaes.com.br\/index.php\/wp-json\/wp\/v2\/tags?post=79492"}],"curies":[{"name":"wp","href":"https:\/\/api.w.org\/{rel}","templated":true}]}}