{"id":79488,"date":"2022-01-18T22:17:18","date_gmt":"2022-01-19T01:17:18","guid":{"rendered":"https:\/\/blogdoedvaldomagalhaes.com.br\/?p=79488"},"modified":"2022-01-18T22:17:19","modified_gmt":"2022-01-19T01:17:19","slug":"novo-grupo-para-vacinacao-infantil-e-liberado-em-caruaru-confira","status":"publish","type":"post","link":"https:\/\/blogdoedvaldomagalhaes.com.br\/index.php\/2022\/01\/18\/novo-grupo-para-vacinacao-infantil-e-liberado-em-caruaru-confira\/","title":{"rendered":"Novo grupo para vacina\u00e7\u00e3o infantil \u00e9 liberado em Caruaru; Confira"},"content":{"rendered":"<p style=\"text-align: justify;\"><span style=\"font-size: inherit;\">As crian\u00e7as que possuem comorbidades a partir dos 5 anos e as que t\u00eam 11 anos completos j\u00e1 est\u00e3o com o agendamento liberado para a vacina\u00e7\u00e3o contra a Covid-19, que deve acontecer a partir de amanh\u00e3 (19).<\/span><\/p>\n<p style=\"text-align: justify;\">Inicialmente, foram liberadas as crian\u00e7as com doen\u00e7a neurol\u00f3gica cr\u00f4nica, autismo, s\u00edndrome de down, deficientes e imunossuprimidas. Agora, outras comorbidades, como diabetes, obesidade e doen\u00e7a falciforme, tamb\u00e9m estar\u00e3o liberadas. (Confira lista de comorbidades abaixo).<\/p>\n<p style=\"text-align: justify;\">Al\u00e9m das crian\u00e7as com algum tipo de comorbidades, as de 11 anos, sem comorbidades, tamb\u00e9m poder\u00e3o se vacinar. Quem j\u00e1 fez o cadastro deve consultar o agendamento no site Vacina Caruaru (no mesmo local onde fez o pr\u00e9-cadastro). Os pais que ainda n\u00e3o fizeram, precisa faz\u00ea-lo.<\/p>\n<p style=\"text-align: justify;\">Para se imunizar, \u00e9 preciso comparecer ao local de vacina\u00e7\u00e3o, que fica na Via Parque, ao lado do INSS, com CPF ou Cart\u00e3o do SUS, caderneta de vacina\u00e7\u00e3o e laudo m\u00e9dico para as crian\u00e7as com comorbidades.<\/p>\n<p style=\"text-align: justify;\">O hor\u00e1rio de vacina\u00e7\u00e3o na tenda infantil \u00e9 das 8h \u00e0s 16h, de segunda a sexta-feira, e das 8h \u00e0s 18h, nos s\u00e1bados, domingos e feriados.<\/p>\n<p style=\"text-align: justify;\">Comorbidades<\/p>\n<p style=\"text-align: justify;\">Asma em uso de cortic\u00f3ide inalat\u00f3rio ou sist\u00eamico (moderada ou grave); DPOC;<br \/>\nbronquioectasia; fibrose c\u00edstica; doen\u00e7as intersticiais do pulm\u00e3o; displasia broncopulmonar; hipertens\u00e3o arterial pulmonar; crian\u00e7as com doen\u00e7a pulmonar cr\u00f4nica da prematuridade; doen\u00e7a card\u00edaca cr\u00f4nica; doen\u00e7a card\u00edaca cong\u00eanita; hipertens\u00e3o arterial sist\u00eamica com comorbidade; doen\u00e7a card\u00edaca isqu\u00eamica;<br \/>\ninsufici\u00eancia card\u00edaca; doen\u00e7a renal cr\u00f4nica; doen\u00e7a renal nos est\u00e1gios 3, 4 e 5; s\u00edndrome nefr\u00f3tica; paciente em di\u00e1lise; atresia biliar; hepatites cr\u00f4nicas; cirrose e doen\u00e7a neurol\u00f3gica cr\u00f4nica (condi\u00e7\u00f5es em que a fun\u00e7\u00e3o respirat\u00f3ria pode estar comprometida pela doen\u00e7a neurol\u00f3gica).<\/p>\n<p style=\"text-align: justify;\">Considerar as necessidades cl\u00ednicas individuais dos pacientes, incluindo AVC, indiv\u00edduos com paralisia cerebral, esclerose m\u00faltipla, e condi\u00e7\u00f5es similares; doen\u00e7as heredit\u00e1rias e degenerativas do sistema nervoso ou muscular; defici\u00eancia neurol\u00f3gica grave; diabetes; diabetes mellitus tipo I e tipo II em uso de medicamentos; imunossupress\u00e3o; imunodefici\u00eancia cong\u00eanita ou adquirida; imunossupress\u00e3o por doen\u00e7as ou medicamentos; obesos (obesidade grau III); transplantados de \u00f3rg\u00e3os s\u00f3lidos e medula \u00f3ssea; autismo, deficientes, portadores de trissomias (s\u00edndrome de down; s\u00edndrome de klinefelter, s\u00edndrome de wakany, dentre outras).<\/p>\n<p style=\"text-align: justify;\">Foto: Edmilson Yanaka.<\/p>\n","protected":false},"excerpt":{"rendered":"<p>As crian\u00e7as que possuem comorbidades a partir dos 5 anos e as que t\u00eam 11 anos completos j\u00e1 est\u00e3o com&hellip;<\/p>\n","protected":false},"author":1,"featured_media":79490,"comment_status":"open","ping_status":"open","sticky":false,"template":"","format":"standard","meta":{"footnotes":""},"categories":[14120],"tags":[2,19532,3406,23832],"class_list":["post-79488","post","type-post","status-publish","format-standard","has-post-thumbnail","hentry","category-noticias","tag-blog-do-edvaldo-magalhaes","tag-blog-mais-acessado-e-visualizado-de-caruaru-e-regiao","tag-caruaru","tag-novo-grupo-para-vacinacao-infantil-e-liberado-em-caruaru-confira"],"_links":{"self":[{"href":"https:\/\/blogdoedvaldomagalhaes.com.br\/index.php\/wp-json\/wp\/v2\/posts\/79488","targetHints":{"allow":["GET"]}}],"collection":[{"href":"https:\/\/blogdoedvaldomagalhaes.com.br\/index.php\/wp-json\/wp\/v2\/posts"}],"about":[{"href":"https:\/\/blogdoedvaldomagalhaes.com.br\/index.php\/wp-json\/wp\/v2\/types\/post"}],"author":[{"embeddable":true,"href":"https:\/\/blogdoedvaldomagalhaes.com.br\/index.php\/wp-json\/wp\/v2\/users\/1"}],"replies":[{"embeddable":true,"href":"https:\/\/blogdoedvaldomagalhaes.com.br\/index.php\/wp-json\/wp\/v2\/comments?post=79488"}],"version-history":[{"count":1,"href":"https:\/\/blogdoedvaldomagalhaes.com.br\/index.php\/wp-json\/wp\/v2\/posts\/79488\/revisions"}],"predecessor-version":[{"id":79491,"href":"https:\/\/blogdoedvaldomagalhaes.com.br\/index.php\/wp-json\/wp\/v2\/posts\/79488\/revisions\/79491"}],"wp:featuredmedia":[{"embeddable":true,"href":"https:\/\/blogdoedvaldomagalhaes.com.br\/index.php\/wp-json\/wp\/v2\/media\/79490"}],"wp:attachment":[{"href":"https:\/\/blogdoedvaldomagalhaes.com.br\/index.php\/wp-json\/wp\/v2\/media?parent=79488"}],"wp:term":[{"taxonomy":"category","embeddable":true,"href":"https:\/\/blogdoedvaldomagalhaes.com.br\/index.php\/wp-json\/wp\/v2\/categories?post=79488"},{"taxonomy":"post_tag","embeddable":true,"href":"https:\/\/blogdoedvaldomagalhaes.com.br\/index.php\/wp-json\/wp\/v2\/tags?post=79488"}],"curies":[{"name":"wp","href":"https:\/\/api.w.org\/{rel}","templated":true}]}}