{"id":79485,"date":"2022-01-18T20:15:55","date_gmt":"2022-01-18T23:15:55","guid":{"rendered":"https:\/\/blogdoedvaldomagalhaes.com.br\/?p=79485"},"modified":"2022-01-18T20:15:56","modified_gmt":"2022-01-18T23:15:56","slug":"erick-lessa-busca-fomentar-acoes-para-o-turismo-de-cafe-em-taquaritinga","status":"publish","type":"post","link":"https:\/\/blogdoedvaldomagalhaes.com.br\/index.php\/2022\/01\/18\/erick-lessa-busca-fomentar-acoes-para-o-turismo-de-cafe-em-taquaritinga\/","title":{"rendered":"Erick Lessa busca fomentar a\u00e7\u00f5es para o turismo de caf\u00e9 em Taquaritinga"},"content":{"rendered":"<p style=\"text-align: justify;\"><span style=\"font-size: inherit;\">A\u00e7\u00f5es para fortalecer o cultivo de caf\u00e9 em Taquaritinga do Norte dever\u00e3o ser implementadas a partir de articula\u00e7\u00f5es do deputado estadual Erick Lessa. O parlamentar visitou produ\u00e7\u00f5es cafeeiras na \u00faltima sexta-feira (14), ao lado do vice-prefeito Gena Lins, e sinalizou que vai adotar estrat\u00e9gias de fomento a essa cultura.<\/span><\/p>\n<p style=\"text-align: justify;\">Entre as propriedades visitadas, Erick Lessa esteve no S\u00edtio V\u00e1rzea Grande, onde s\u00e3o produzidos caf\u00e9 e licores artesanais. \u201cN\u00f3s tivemos uma verdadeira \u2018aula\u2019 sobre cafeicultura com o produtor Toni Leonel, que representa essa categoria e tem uma ampla vis\u00e3o sobre o assunto. Vamos estreitar o di\u00e1logo e promover a\u00e7\u00f5es com o objetivo de fortalecer esse turismo\u201d, relatou o deputado, citando o fomento a circuitos e a visitas a \u00e1reas produtoras de caf\u00e9. Lessa \u00e9 presidente da Comiss\u00e3o de Desenvolvimento Econ\u00f4mico e Turismo da Assembleia Legislativa e ressaltou que, junto ao colegiado, empregar\u00e1 medidas para incrementar o setor.<\/p>\n<p style=\"text-align: justify;\">Foto: Viliane Gomes<\/p>\n","protected":false},"excerpt":{"rendered":"<p>A\u00e7\u00f5es para fortalecer o cultivo de caf\u00e9 em Taquaritinga do Norte dever\u00e3o ser implementadas a partir de articula\u00e7\u00f5es do deputado&hellip;<\/p>\n","protected":false},"author":1,"featured_media":79486,"comment_status":"open","ping_status":"open","sticky":false,"template":"","format":"standard","meta":{"footnotes":""},"categories":[14122],"tags":[2,19532,3406,23831],"class_list":["post-79485","post","type-post","status-publish","format-standard","has-post-thumbnail","hentry","category-politica","tag-blog-do-edvaldo-magalhaes","tag-blog-mais-acessado-e-visualizado-de-caruaru-e-regiao","tag-caruaru","tag-erick-lessa-busca-fomentar-acoes-para-o-turismo-de-cafe-em-taquaritinga"],"_links":{"self":[{"href":"https:\/\/blogdoedvaldomagalhaes.com.br\/index.php\/wp-json\/wp\/v2\/posts\/79485","targetHints":{"allow":["GET"]}}],"collection":[{"href":"https:\/\/blogdoedvaldomagalhaes.com.br\/index.php\/wp-json\/wp\/v2\/posts"}],"about":[{"href":"https:\/\/blogdoedvaldomagalhaes.com.br\/index.php\/wp-json\/wp\/v2\/types\/post"}],"author":[{"embeddable":true,"href":"https:\/\/blogdoedvaldomagalhaes.com.br\/index.php\/wp-json\/wp\/v2\/users\/1"}],"replies":[{"embeddable":true,"href":"https:\/\/blogdoedvaldomagalhaes.com.br\/index.php\/wp-json\/wp\/v2\/comments?post=79485"}],"version-history":[{"count":1,"href":"https:\/\/blogdoedvaldomagalhaes.com.br\/index.php\/wp-json\/wp\/v2\/posts\/79485\/revisions"}],"predecessor-version":[{"id":79487,"href":"https:\/\/blogdoedvaldomagalhaes.com.br\/index.php\/wp-json\/wp\/v2\/posts\/79485\/revisions\/79487"}],"wp:featuredmedia":[{"embeddable":true,"href":"https:\/\/blogdoedvaldomagalhaes.com.br\/index.php\/wp-json\/wp\/v2\/media\/79486"}],"wp:attachment":[{"href":"https:\/\/blogdoedvaldomagalhaes.com.br\/index.php\/wp-json\/wp\/v2\/media?parent=79485"}],"wp:term":[{"taxonomy":"category","embeddable":true,"href":"https:\/\/blogdoedvaldomagalhaes.com.br\/index.php\/wp-json\/wp\/v2\/categories?post=79485"},{"taxonomy":"post_tag","embeddable":true,"href":"https:\/\/blogdoedvaldomagalhaes.com.br\/index.php\/wp-json\/wp\/v2\/tags?post=79485"}],"curies":[{"name":"wp","href":"https:\/\/api.w.org\/{rel}","templated":true}]}}