{"id":79482,"date":"2022-01-18T16:16:26","date_gmt":"2022-01-18T19:16:26","guid":{"rendered":"https:\/\/blogdoedvaldomagalhaes.com.br\/?p=79482"},"modified":"2022-01-18T16:16:27","modified_gmt":"2022-01-18T19:16:27","slug":"pl-que-reajusta-a-remuneracao-de-servidores-publicos-do-municipio-e-aprovado","status":"publish","type":"post","link":"https:\/\/blogdoedvaldomagalhaes.com.br\/index.php\/2022\/01\/18\/pl-que-reajusta-a-remuneracao-de-servidores-publicos-do-municipio-e-aprovado\/","title":{"rendered":"PL que reajusta a remunera\u00e7\u00e3o de servidores p\u00fablicos do munic\u00edpio \u00e9 aprovado"},"content":{"rendered":"<p dir=\"ltr\" style=\"text-align: justify;\">Em sess\u00e3o extraordin\u00e1ria, nesta ter\u00e7a-feira (18), os parlamentares, em plen\u00e1rio, discutiram e aprovaram o Projeto de Lei n\u00ba 9.212\/2021 do Poder Executivo. A mat\u00e9ria prev\u00ea o reajuste da remunera\u00e7\u00e3o m\u00ednima dos servidores do munic\u00edpio. O valor passa a ser R$ 1.212,00, com efeitos retroativos a 1\u00ba de janeiro de 2022.<\/p>\n<p dir=\"ltr\" style=\"text-align: justify;\">O reajuste decorre de uma adequa\u00e7\u00e3o prevista e estabelecida atrav\u00e9s da medida provis\u00f3ria n\u00ba 1.091\/2021. De acordo com a justificativa do PL, \u00e9 desnecess\u00e1ria a apresenta\u00e7\u00e3o da estimativa de impacto or\u00e7ament\u00e1rio, pois a iniciativa n\u00e3o acarreta em aumento de despesa, o presente reajuste j\u00e1 estava previsto nos instrumentos de planejamento de gest\u00e3o, em acordo com o Plano Plurianual, Lei de Diretrizes Or\u00e7ament\u00e1rias e com a Lei Or\u00e7ament\u00e1ria Anual.<\/p>\n<p dir=\"ltr\" style=\"text-align: justify;\">Foto: Vladimir Barreto.<\/p>\n","protected":false},"excerpt":{"rendered":"<p>Em sess\u00e3o extraordin\u00e1ria, nesta ter\u00e7a-feira (18), os parlamentares, em plen\u00e1rio, discutiram e aprovaram o Projeto de Lei n\u00ba 9.212\/2021 do&hellip;<\/p>\n","protected":false},"author":1,"featured_media":79483,"comment_status":"open","ping_status":"open","sticky":false,"template":"","format":"standard","meta":{"footnotes":""},"categories":[14122],"tags":[2,19532,3406,23830],"class_list":["post-79482","post","type-post","status-publish","format-standard","has-post-thumbnail","hentry","category-politica","tag-blog-do-edvaldo-magalhaes","tag-blog-mais-acessado-e-visualizado-de-caruaru-e-regiao","tag-caruaru","tag-pl-que-reajusta-a-remuneracao-de-servidores-publicos-do-municipio-e-aprovado"],"_links":{"self":[{"href":"https:\/\/blogdoedvaldomagalhaes.com.br\/index.php\/wp-json\/wp\/v2\/posts\/79482","targetHints":{"allow":["GET"]}}],"collection":[{"href":"https:\/\/blogdoedvaldomagalhaes.com.br\/index.php\/wp-json\/wp\/v2\/posts"}],"about":[{"href":"https:\/\/blogdoedvaldomagalhaes.com.br\/index.php\/wp-json\/wp\/v2\/types\/post"}],"author":[{"embeddable":true,"href":"https:\/\/blogdoedvaldomagalhaes.com.br\/index.php\/wp-json\/wp\/v2\/users\/1"}],"replies":[{"embeddable":true,"href":"https:\/\/blogdoedvaldomagalhaes.com.br\/index.php\/wp-json\/wp\/v2\/comments?post=79482"}],"version-history":[{"count":1,"href":"https:\/\/blogdoedvaldomagalhaes.com.br\/index.php\/wp-json\/wp\/v2\/posts\/79482\/revisions"}],"predecessor-version":[{"id":79484,"href":"https:\/\/blogdoedvaldomagalhaes.com.br\/index.php\/wp-json\/wp\/v2\/posts\/79482\/revisions\/79484"}],"wp:featuredmedia":[{"embeddable":true,"href":"https:\/\/blogdoedvaldomagalhaes.com.br\/index.php\/wp-json\/wp\/v2\/media\/79483"}],"wp:attachment":[{"href":"https:\/\/blogdoedvaldomagalhaes.com.br\/index.php\/wp-json\/wp\/v2\/media?parent=79482"}],"wp:term":[{"taxonomy":"category","embeddable":true,"href":"https:\/\/blogdoedvaldomagalhaes.com.br\/index.php\/wp-json\/wp\/v2\/categories?post=79482"},{"taxonomy":"post_tag","embeddable":true,"href":"https:\/\/blogdoedvaldomagalhaes.com.br\/index.php\/wp-json\/wp\/v2\/tags?post=79482"}],"curies":[{"name":"wp","href":"https:\/\/api.w.org\/{rel}","templated":true}]}}