{"id":79479,"date":"2022-01-18T10:28:52","date_gmt":"2022-01-18T13:28:52","guid":{"rendered":"https:\/\/blogdoedvaldomagalhaes.com.br\/?p=79479"},"modified":"2022-01-18T10:28:53","modified_gmt":"2022-01-18T13:28:53","slug":"anderson-correia-ressalta-a-necessidade-de-cirurgias-internamentos-e-atendimento-24h-na-ame-animal","status":"publish","type":"post","link":"https:\/\/blogdoedvaldomagalhaes.com.br\/index.php\/2022\/01\/18\/anderson-correia-ressalta-a-necessidade-de-cirurgias-internamentos-e-atendimento-24h-na-ame-animal\/","title":{"rendered":"Anderson Correia ressalta a necessidade de cirurgias, internamentos e atendimento 24h na AME Animal"},"content":{"rendered":"<p style=\"text-align: justify;\"><span style=\"font-size: inherit;\">A semana que se inicia comemorando o Dia dos Protetores dos Animais, o vereador e Presidente da Comiss\u00e3o Permanente dos Direitos dos Animais, Anderson Correia (PP), voltou a falar sobre a necessidade da realiza\u00e7\u00e3o de cirurgias eletivas e ortop\u00e9dicas, e a disponibilidade de leitos de internamentos na AME Animal, al\u00e9m de enfatizar que o local precisa de atendimento 24 horas.<\/span><\/p>\n<p style=\"text-align: justify;\">\u201cNossa luta continua em busca de melhorias na AME Animal. Nessa semana t\u00e3o especial para os protetores, refletimos sobre as dificuldades enfrentadas por eles e todos os tutores de baixa renda, que sofrem com seus animais que precisam de um internamento e n\u00e3o tem, de uma cirurgia ortop\u00e9dica e tamb\u00e9m n\u00e3o tem, al\u00e9m de se depararem com atendimentos com hor\u00e1rios limitado. H\u00e1 muito a se fazer para que esses avan\u00e7os aconte\u00e7am, e estou lutando para que o Poder P\u00fablico municipal fa\u00e7a sua parte nestes quesitos\u201d, destaca o edil.<\/p>\n<p style=\"text-align: justify;\">Muito antes de ser vereador, o parlamentar j\u00e1 reivindicava essas melhorias e, desde o in\u00edcio de seu mandato, vem fazendo requerimentos e projetos de lei com sugest\u00f5es de pol\u00edticas p\u00fablicas em prol da causa animal, que se unem as necessidades citadas acima. Entre os temas abordados frequentemente por Anderson, no \u00e2mbito da sa\u00fade e bem-estar animal, est\u00e3o as constru\u00e7\u00f5es da casa de passagem e de um hospital p\u00fablico veterin\u00e1rio.<\/p>\n","protected":false},"excerpt":{"rendered":"<p>A semana que se inicia comemorando o Dia dos Protetores dos Animais, o vereador e Presidente da Comiss\u00e3o Permanente dos&hellip;<\/p>\n","protected":false},"author":1,"featured_media":79480,"comment_status":"open","ping_status":"open","sticky":false,"template":"","format":"standard","meta":{"footnotes":""},"categories":[14122],"tags":[23829,2,19532,3406],"class_list":["post-79479","post","type-post","status-publish","format-standard","has-post-thumbnail","hentry","category-politica","tag-anderson-correia-ressalta-a-necessidade-de-cirurgias-internamentos-e-atendimento-24h-na-ame-animal","tag-blog-do-edvaldo-magalhaes","tag-blog-mais-acessado-e-visualizado-de-caruaru-e-regiao","tag-caruaru"],"_links":{"self":[{"href":"https:\/\/blogdoedvaldomagalhaes.com.br\/index.php\/wp-json\/wp\/v2\/posts\/79479","targetHints":{"allow":["GET"]}}],"collection":[{"href":"https:\/\/blogdoedvaldomagalhaes.com.br\/index.php\/wp-json\/wp\/v2\/posts"}],"about":[{"href":"https:\/\/blogdoedvaldomagalhaes.com.br\/index.php\/wp-json\/wp\/v2\/types\/post"}],"author":[{"embeddable":true,"href":"https:\/\/blogdoedvaldomagalhaes.com.br\/index.php\/wp-json\/wp\/v2\/users\/1"}],"replies":[{"embeddable":true,"href":"https:\/\/blogdoedvaldomagalhaes.com.br\/index.php\/wp-json\/wp\/v2\/comments?post=79479"}],"version-history":[{"count":1,"href":"https:\/\/blogdoedvaldomagalhaes.com.br\/index.php\/wp-json\/wp\/v2\/posts\/79479\/revisions"}],"predecessor-version":[{"id":79481,"href":"https:\/\/blogdoedvaldomagalhaes.com.br\/index.php\/wp-json\/wp\/v2\/posts\/79479\/revisions\/79481"}],"wp:featuredmedia":[{"embeddable":true,"href":"https:\/\/blogdoedvaldomagalhaes.com.br\/index.php\/wp-json\/wp\/v2\/media\/79480"}],"wp:attachment":[{"href":"https:\/\/blogdoedvaldomagalhaes.com.br\/index.php\/wp-json\/wp\/v2\/media?parent=79479"}],"wp:term":[{"taxonomy":"category","embeddable":true,"href":"https:\/\/blogdoedvaldomagalhaes.com.br\/index.php\/wp-json\/wp\/v2\/categories?post=79479"},{"taxonomy":"post_tag","embeddable":true,"href":"https:\/\/blogdoedvaldomagalhaes.com.br\/index.php\/wp-json\/wp\/v2\/tags?post=79479"}],"curies":[{"name":"wp","href":"https:\/\/api.w.org\/{rel}","templated":true}]}}