{"id":79476,"date":"2022-01-18T08:37:50","date_gmt":"2022-01-18T11:37:50","guid":{"rendered":"https:\/\/blogdoedvaldomagalhaes.com.br\/?p=79476"},"modified":"2022-01-18T08:37:52","modified_gmt":"2022-01-18T11:37:52","slug":"estudantes-podem-ter-acesso-negado-as-escolas-caso-nao-haja-comprovacao-de-vacina-contra-covid-19","status":"publish","type":"post","link":"https:\/\/blogdoedvaldomagalhaes.com.br\/index.php\/2022\/01\/18\/estudantes-podem-ter-acesso-negado-as-escolas-caso-nao-haja-comprovacao-de-vacina-contra-covid-19\/","title":{"rendered":"Estudantes podem ter acesso negado \u00e0s escolas caso n\u00e3o haja comprova\u00e7\u00e3o de vacina contra Covid-19"},"content":{"rendered":"<p style=\"text-align: justify;\"><span style=\"font-size: inherit;\">Nessa segunda-feira (17), o Brasil iniciou a vacina\u00e7\u00e3o contra a Covid-19 para crian\u00e7as de cinco a 11 anos. E uma quest\u00e3o se levantou sobre o tema: as institui\u00e7\u00f5es de ensino podem solicitar o comprovante de vacina para que os estudantes adentrem a escola? A medida come\u00e7ou ser exigida para entrada em estabelecimentos, como bares e restaurantes, no estado de Pernambuco. Segundo o advogado especialista em direito educacional, Luiz T\u00f4rres Neto, a escola pode pedir, mas com algumas ressalvas. \u201cA comunidade escolar deve ter a medida amplamente divulgada e o contrato de matr\u00edcula deve trazer de forma clara que o estudante s\u00f3 poder\u00e1 ter o acesso ao pr\u00e9dio da escola caso haja comprova\u00e7\u00e3o da vacina\u00e7\u00e3o\u201d, disse.\u00a0<\/span><\/p>\n<p style=\"text-align: justify;\">Caso isso n\u00e3o aconte\u00e7a, a escola n\u00e3o pode negar o acesso do aluno, como detalha Luiz T\u00f4rres Neto. \u201cSe a exig\u00eancia de comprova\u00e7\u00e3o n\u00e3o est\u00e1 prevista no contrato de matr\u00edcula, n\u00e3o se pode, ap\u00f3s a matr\u00edcula, impedir o estudante de adentrar na escola, mesmo n\u00e3o vacinado, porque educa\u00e7\u00e3o \u00e9 um direito fundamental\u201d, afirma o especialista.<\/p>\n<p style=\"text-align: justify;\">De acordo com o advogado, caso esteja previsto no contrato de matr\u00edcula e n\u00e3o aconte\u00e7a a comprova\u00e7\u00e3o da vacina, o estudante pode ter acesso \u00e0 educa\u00e7\u00e3o remota. \u201cO estudante pode assistir aulas de forma remota, desde que haja a presen\u00e7a da hibridez do regime. A partir do momento que a educa\u00e7\u00e3o voltar a ser100% presencial, n\u00e3o se pode permitir que o aluno estude remotamente por n\u00e3o ter se vacinado. Nessa situa\u00e7\u00e3o, n\u00e3o h\u00e1 excepcionalidade para a exist\u00eancia do ensino remoto diante da neglig\u00eancia da falta de imuniza\u00e7\u00e3o\u201d, afirmou.<\/p>\n<p style=\"text-align: justify;\">Luiz ainda esclarece que caso haja a previs\u00e3o contratual de negar o acesso por falta de comprova\u00e7\u00e3o de vacina, o aluno que n\u00e3o se vacinou\u00a0levar\u00e1 faltas, podendo sofrer\u00a0 a reprova\u00e7\u00e3o.<\/p>\n<p style=\"text-align: justify;\">Quanto \u00e0 comprova\u00e7\u00e3o vacinal de colaboradores, Luiz destaca que diferentemente do aluno, nada impede que restri\u00e7\u00f5es de acesso sejam impostas a outras pessoas. \u201cPode ser solicitado o comprovante de vacina\u00e7\u00e3o para pais, respons\u00e1veis, professores, colaboradores. Caso contr\u00e1rio, pode haver a proibi\u00e7\u00e3o da entrada, j\u00e1 que isso n\u00e3o precisa estar presente no contrato de matr\u00edcula e a rela\u00e7\u00e3o entre os colaboradores e institui\u00e7\u00e3o de ensino \u00e9 guiada pelo Direito do Trabalho ou por leis espec\u00edficas, para o caso dos pais ou respons\u00e1veis&#8221;.<\/p>\n<p style=\"text-align: justify;\">Foto: Reprodu\u00e7\u00e3o\/Internet.<\/p>\n","protected":false},"excerpt":{"rendered":"<p>Nessa segunda-feira (17), o Brasil iniciou a vacina\u00e7\u00e3o contra a Covid-19 para crian\u00e7as de cinco a 11 anos. E uma&hellip;<\/p>\n","protected":false},"author":1,"featured_media":79477,"comment_status":"open","ping_status":"open","sticky":false,"template":"","format":"standard","meta":{"footnotes":""},"categories":[14120],"tags":[2,19532,3406,23828],"class_list":["post-79476","post","type-post","status-publish","format-standard","has-post-thumbnail","hentry","category-noticias","tag-blog-do-edvaldo-magalhaes","tag-blog-mais-acessado-e-visualizado-de-caruaru-e-regiao","tag-caruaru","tag-estudantes-podem-ter-acesso-negado-as-escolas-caso-nao-haja-comprovacao-de-vacina-contra-covid-19"],"_links":{"self":[{"href":"https:\/\/blogdoedvaldomagalhaes.com.br\/index.php\/wp-json\/wp\/v2\/posts\/79476","targetHints":{"allow":["GET"]}}],"collection":[{"href":"https:\/\/blogdoedvaldomagalhaes.com.br\/index.php\/wp-json\/wp\/v2\/posts"}],"about":[{"href":"https:\/\/blogdoedvaldomagalhaes.com.br\/index.php\/wp-json\/wp\/v2\/types\/post"}],"author":[{"embeddable":true,"href":"https:\/\/blogdoedvaldomagalhaes.com.br\/index.php\/wp-json\/wp\/v2\/users\/1"}],"replies":[{"embeddable":true,"href":"https:\/\/blogdoedvaldomagalhaes.com.br\/index.php\/wp-json\/wp\/v2\/comments?post=79476"}],"version-history":[{"count":1,"href":"https:\/\/blogdoedvaldomagalhaes.com.br\/index.php\/wp-json\/wp\/v2\/posts\/79476\/revisions"}],"predecessor-version":[{"id":79478,"href":"https:\/\/blogdoedvaldomagalhaes.com.br\/index.php\/wp-json\/wp\/v2\/posts\/79476\/revisions\/79478"}],"wp:featuredmedia":[{"embeddable":true,"href":"https:\/\/blogdoedvaldomagalhaes.com.br\/index.php\/wp-json\/wp\/v2\/media\/79477"}],"wp:attachment":[{"href":"https:\/\/blogdoedvaldomagalhaes.com.br\/index.php\/wp-json\/wp\/v2\/media?parent=79476"}],"wp:term":[{"taxonomy":"category","embeddable":true,"href":"https:\/\/blogdoedvaldomagalhaes.com.br\/index.php\/wp-json\/wp\/v2\/categories?post=79476"},{"taxonomy":"post_tag","embeddable":true,"href":"https:\/\/blogdoedvaldomagalhaes.com.br\/index.php\/wp-json\/wp\/v2\/tags?post=79476"}],"curies":[{"name":"wp","href":"https:\/\/api.w.org\/{rel}","templated":true}]}}