{"id":79473,"date":"2022-01-17T22:16:00","date_gmt":"2022-01-18T01:16:00","guid":{"rendered":"https:\/\/blogdoedvaldomagalhaes.com.br\/?p=79473"},"modified":"2022-01-17T22:16:01","modified_gmt":"2022-01-18T01:16:01","slug":"governador-pe-paulo-camara-nomeia-290-concursados-para-a-saude","status":"publish","type":"post","link":"https:\/\/blogdoedvaldomagalhaes.com.br\/index.php\/2022\/01\/17\/governador-pe-paulo-camara-nomeia-290-concursados-para-a-saude\/","title":{"rendered":"Governador-PE Paulo C\u00e2mara nomeia 290 concursados para a Sa\u00fade"},"content":{"rendered":"<p style=\"text-align: justify;\">O governador Paulo C\u00e2mara autorizou, nesta segunda-feira (17.01), mais um chamamento de aprovados em concurso p\u00fablico para a Secretaria Estadual de Sa\u00fade (SES). Ao todo, s\u00e3o 290 profissionais convocados para ampliar a for\u00e7a de trabalho da pasta, sendo 101 m\u00e9dicos, 56 profissionais de n\u00edvel superior (analistas em sa\u00fade) e 128 de n\u00edvel m\u00e9dio (assistentes em sa\u00fade), al\u00e9m de cinco fiscais de vigil\u00e2ncia sanit\u00e1ria.<\/p>\n<p style=\"text-align: justify;\">\u201cCom essa nomea\u00e7\u00e3o, estamos atingindo a marca de quatro mil concursados chamados pela secretaria desde o in\u00edcio da pandemia. Eles representam um refor\u00e7o, ampliando o quadro de pessoal, qualificando e recompondo as escalas de plant\u00e3o dos hospitais e de diversas \u00e1reas t\u00e9cnicas da pasta\u201d, afirmou Paulo C\u00e2mara.<\/p>\n<p style=\"text-align: justify;\">De acordo com o secret\u00e1rio de Sa\u00fade, Andr\u00e9 Longo, os profissionais ter\u00e3o prazo de cinco dias \u00fateis para tomar posse e dois dias \u00fateis depois de empossados para se apresentar no local de exerc\u00edcio funcional indicado pela SES. \u201cTemos feito o maior esfor\u00e7o de recursos humanos, insumos e de mobiliza\u00e7\u00e3o de leitos da hist\u00f3ria da sa\u00fade p\u00fablica pernambucana para lidar com a pandemia da Covid-19. Contaremos com mais esse aux\u00edlio para seguir avan\u00e7ando e salvando vidas\u201d, detalhou Andr\u00e9 Longo.<\/p>\n<p style=\"text-align: justify;\">Os convocados ir\u00e3o atuar em \u00e1reas t\u00e9cnicas da sede do \u00f3rg\u00e3o, das Ger\u00eancias Regionais de Sa\u00fade (Geres), Laborat\u00f3rio Central de Sa\u00fade P\u00fablica (Lacen-PE) e da Ag\u00eancia Pernambucana de Vigil\u00e2ncia Sanit\u00e1ria (Apevisa), al\u00e9m dos hospitais Jaboat\u00e3o Prazares, em Jaboat\u00e3o dos Guararapes; Correia Pican\u00e7o, Geral de Areias, Ulysses Pernambucano, da Restaura\u00e7\u00e3o, Bar\u00e3o de Lucena, Agamenon Magalh\u00e3es, Get\u00falio Vargas e Ot\u00e1vio de Freitas, no Recife; Jos\u00e9 Fernandes Salsa, em Limoeiro; In\u00e1cio de S\u00e1, em Salgueiro; Professor Agamenon Magalh\u00e3es, em Serra Talhada; Belarmino Correia, em Goiana. A listagem completa estar\u00e1 dispon\u00edvel no Di\u00e1rio Oficial desta ter\u00e7a (18).<\/p>\n<p style=\"text-align: justify;\">SELE\u00c7\u00c3O P\u00daBLICA \u2013 Ainda est\u00e1 aberto, at\u00e9 a pr\u00f3xima quinta-feira (20.01), o per\u00edodo de inscri\u00e7\u00e3o para sele\u00e7\u00e3o p\u00fablica simplificada da SES, com 240 vagas. Desse total, ser\u00e3o contratados temporariamente 189 m\u00e9dicos, 44 de outras profiss\u00f5es de n\u00edvel superior e dois de n\u00edvel m\u00e9dio, al\u00e9m de quatro arquitetos e um engenheiro civil para a Ag\u00eancia Pernambucana de Vigil\u00e2ncia em Sa\u00fade (Apevisa). As inscri\u00e7\u00f5es devem ser feitas atrav\u00e9s do site\u00a0<a href=\"http:\/\/www.selecionases.saude.pe.gov.br\/\" target=\"_blank\" rel=\"noopener\" data-saferedirecturl=\"https:\/\/www.google.com\/url?q=http:\/\/www.selecionases.saude.pe.gov.br&amp;source=gmail&amp;ust=1642545080578000&amp;usg=AOvVaw3Ovvxf5dWCk8N7oyUDTxin\">www.selecionases.saude.pe.gov.br<\/a>. O edital est\u00e1 dispon\u00edvel no Di\u00e1rio Oficial do \u00faltimo s\u00e1bado (15), al\u00e9m de publicado no\u00a0<a href=\"http:\/\/www.portal.saude.pe.gov.br\/\" target=\"_blank\" rel=\"noopener\" data-saferedirecturl=\"https:\/\/www.google.com\/url?q=http:\/\/www.portal.saude.pe.gov.br&amp;source=gmail&amp;ust=1642545080578000&amp;usg=AOvVaw24W5chvxH-wRRQ15EKaRjf\">www.portal.saude.pe.gov.br<\/a>.<\/p>\n","protected":false},"excerpt":{"rendered":"<p>O governador Paulo C\u00e2mara autorizou, nesta segunda-feira (17.01), mais um chamamento de aprovados em concurso p\u00fablico para a Secretaria Estadual&hellip;<\/p>\n","protected":false},"author":1,"featured_media":79474,"comment_status":"open","ping_status":"open","sticky":false,"template":"","format":"standard","meta":{"footnotes":""},"categories":[14122],"tags":[992,19532,3406,23827],"class_list":["post-79473","post","type-post","status-publish","format-standard","has-post-thumbnail","hentry","category-politica","tag-blog-do-edvaldo-do-magalhaes","tag-blog-mais-acessado-e-visualizado-de-caruaru-e-regiao","tag-caruaru","tag-governador-pe-paulo-camara-nomeia-290-concursados-para-a-saude"],"_links":{"self":[{"href":"https:\/\/blogdoedvaldomagalhaes.com.br\/index.php\/wp-json\/wp\/v2\/posts\/79473","targetHints":{"allow":["GET"]}}],"collection":[{"href":"https:\/\/blogdoedvaldomagalhaes.com.br\/index.php\/wp-json\/wp\/v2\/posts"}],"about":[{"href":"https:\/\/blogdoedvaldomagalhaes.com.br\/index.php\/wp-json\/wp\/v2\/types\/post"}],"author":[{"embeddable":true,"href":"https:\/\/blogdoedvaldomagalhaes.com.br\/index.php\/wp-json\/wp\/v2\/users\/1"}],"replies":[{"embeddable":true,"href":"https:\/\/blogdoedvaldomagalhaes.com.br\/index.php\/wp-json\/wp\/v2\/comments?post=79473"}],"version-history":[{"count":1,"href":"https:\/\/blogdoedvaldomagalhaes.com.br\/index.php\/wp-json\/wp\/v2\/posts\/79473\/revisions"}],"predecessor-version":[{"id":79475,"href":"https:\/\/blogdoedvaldomagalhaes.com.br\/index.php\/wp-json\/wp\/v2\/posts\/79473\/revisions\/79475"}],"wp:featuredmedia":[{"embeddable":true,"href":"https:\/\/blogdoedvaldomagalhaes.com.br\/index.php\/wp-json\/wp\/v2\/media\/79474"}],"wp:attachment":[{"href":"https:\/\/blogdoedvaldomagalhaes.com.br\/index.php\/wp-json\/wp\/v2\/media?parent=79473"}],"wp:term":[{"taxonomy":"category","embeddable":true,"href":"https:\/\/blogdoedvaldomagalhaes.com.br\/index.php\/wp-json\/wp\/v2\/categories?post=79473"},{"taxonomy":"post_tag","embeddable":true,"href":"https:\/\/blogdoedvaldomagalhaes.com.br\/index.php\/wp-json\/wp\/v2\/tags?post=79473"}],"curies":[{"name":"wp","href":"https:\/\/api.w.org\/{rel}","templated":true}]}}