{"id":7947,"date":"2016-10-19T10:19:00","date_gmt":"2016-10-19T12:19:00","guid":{"rendered":"http:\/\/blogdoedvaldomagalhaes.com.br\/index.php\/2016\/10\/19\/tony-gel-recebe-apoio-de-liderancas\/"},"modified":"2019-02-09T01:03:24","modified_gmt":"2019-02-09T03:03:24","slug":"tony-gel-recebe-apoio-de-liderancas","status":"publish","type":"post","link":"https:\/\/blogdoedvaldomagalhaes.com.br\/index.php\/2016\/10\/19\/tony-gel-recebe-apoio-de-liderancas\/","title":{"rendered":"Tony Gel recebe apoio de lideran\u00e7as evang\u00e9licas"},"content":{"rendered":"<div class=\"separator\" style=\"clear: both; text-align: center;\">\n<a href=\"https:\/\/1.bp.blogspot.com\/-HGKx68IZ1Xg\/WAdFwoRRp8I\/AAAAAAAAIcM\/cQqg39ctwHgV_63GjopYLfXMlEUUUncVgCLcB\/s1600\/tony.jpg\" imageanchor=\"1\" style=\"margin-left: 1em; margin-right: 1em;\"><img loading=\"lazy\" decoding=\"async\" border=\"0\" height=\"266\" src=\"http:\/\/blogdoedvaldomagalhaes.com.br\/wp-content\/uploads\/2016\/10\/tony-13.jpg\" width=\"400\" \/><\/a><\/div>\n<div class=\"separator\" style=\"clear: both; text-align: center;\">\n<\/div>\n<div style=\"background-color: white; border: 0px; margin-bottom: 1.5em; outline: 0px; padding: 0px; text-align: justify; vertical-align: baseline;\">\nPastores e lideran\u00e7as comunit\u00e1rias declararam apoio \u00e0 candidatura de Tony Gel (PMDB) a prefeito de Caruaru. O an\u00fancio ocorreu durante encontro realizado no centro da cidade, e que contou com a presen\u00e7a de pastores, presb\u00edteros e fi\u00e9is de diversas denomina\u00e7\u00f5es religiosas. \u201cQuando fui prefeito, eu fui considerado amigo dos crist\u00e3os. Sempre fiz muitas parcerias com o povo evang\u00e9lico e com os cat\u00f3licos desta cidade. \u00c9 preciso valorizar o importante trabalho social realizado pelas igrejas e apoiar\u201d, lembrou Tony Gel.<\/div>\n<div style=\"background-color: white; border: 0px; margin-bottom: 1.5em; outline: 0px; padding: 0px; text-align: justify; vertical-align: baseline;\">\nEntre as lideran\u00e7as presentes, estava o presidente da Uni\u00e3o de Pastores do Avivamento em Caruaru (UNIPAC), Pr. Etevaldo Silva.<\/div>\n","protected":false},"excerpt":{"rendered":"<p>Pastores e lideran\u00e7as comunit\u00e1rias declararam apoio \u00e0 candidatura de Tony Gel (PMDB) a prefeito de Caruaru. O an\u00fancio ocorreu durante&hellip;<\/p>\n","protected":false},"author":1,"featured_media":0,"comment_status":"open","ping_status":"open","sticky":false,"template":"","format":"standard","meta":{"footnotes":""},"categories":[1],"tags":[2,11431,11652,11653,11654,11655],"class_list":["post-7947","post","type-post","status-publish","format-standard","hentry","category-sem-categoria","tag-blog-do-edvaldo-magalhaes","tag-eleicoes-2016","tag-pr-etevaldo-silva","tag-tony-gel-recebe-apoio-de-liderancas-evangelicas","tag-uniao-de-pastores-do-aviamento","tag-unipac"],"_links":{"self":[{"href":"https:\/\/blogdoedvaldomagalhaes.com.br\/index.php\/wp-json\/wp\/v2\/posts\/7947","targetHints":{"allow":["GET"]}}],"collection":[{"href":"https:\/\/blogdoedvaldomagalhaes.com.br\/index.php\/wp-json\/wp\/v2\/posts"}],"about":[{"href":"https:\/\/blogdoedvaldomagalhaes.com.br\/index.php\/wp-json\/wp\/v2\/types\/post"}],"author":[{"embeddable":true,"href":"https:\/\/blogdoedvaldomagalhaes.com.br\/index.php\/wp-json\/wp\/v2\/users\/1"}],"replies":[{"embeddable":true,"href":"https:\/\/blogdoedvaldomagalhaes.com.br\/index.php\/wp-json\/wp\/v2\/comments?post=7947"}],"version-history":[{"count":1,"href":"https:\/\/blogdoedvaldomagalhaes.com.br\/index.php\/wp-json\/wp\/v2\/posts\/7947\/revisions"}],"predecessor-version":[{"id":13399,"href":"https:\/\/blogdoedvaldomagalhaes.com.br\/index.php\/wp-json\/wp\/v2\/posts\/7947\/revisions\/13399"}],"wp:attachment":[{"href":"https:\/\/blogdoedvaldomagalhaes.com.br\/index.php\/wp-json\/wp\/v2\/media?parent=7947"}],"wp:term":[{"taxonomy":"category","embeddable":true,"href":"https:\/\/blogdoedvaldomagalhaes.com.br\/index.php\/wp-json\/wp\/v2\/categories?post=7947"},{"taxonomy":"post_tag","embeddable":true,"href":"https:\/\/blogdoedvaldomagalhaes.com.br\/index.php\/wp-json\/wp\/v2\/tags?post=7947"}],"curies":[{"name":"wp","href":"https:\/\/api.w.org\/{rel}","templated":true}]}}