{"id":79469,"date":"2022-01-17T21:37:39","date_gmt":"2022-01-18T00:37:39","guid":{"rendered":"https:\/\/blogdoedvaldomagalhaes.com.br\/?p=79469"},"modified":"2022-01-17T21:37:40","modified_gmt":"2022-01-18T00:37:40","slug":"1-festival-regional-flor-e-barro-sera-realizado-em-caruaru","status":"publish","type":"post","link":"https:\/\/blogdoedvaldomagalhaes.com.br\/index.php\/2022\/01\/17\/1-festival-regional-flor-e-barro-sera-realizado-em-caruaru\/","title":{"rendered":"1\u00b0 Festival Regional Flor e Barro ser\u00e1 realizado em Caruaru"},"content":{"rendered":"<p style=\"text-align: justify;\"><span style=\"font-size: inherit;\">1\u00ba Festival Regional Flor e Barro ser\u00e1 composto por 16 grupos folcl\u00f3ricos distribu\u00eddos entre as macrorregi\u00f5es do estado de Pernambuco sendo do Agreste, Zona da Mata, Sert\u00e3o e Regi\u00e3o Metropolitana e outros dois grupos convidados de outros estados do Nordeste. Para Jailton Oliveira Diretor Executivo do Festival essa \u00e9 uma nova oportunidade de Caruaru sediar um festival de folclore. \u201cCaruaru tem uma tradi\u00e7\u00e3o de festivais de folclore que vem desde de Dona Lu\u00edsa Maciel. Agora o grupo de Dan\u00e7a Flor e Barro tr\u00e1s uma nova proposta de festival de folclore para Caruaru a come\u00e7ar com um festival regional com dura\u00e7\u00e3o de tr\u00eas dias\u201d. A realiza\u00e7\u00e3o do evento ser\u00e1 de tr\u00eas dias nas datas 17, 18 e 19 de Mar\u00e7o de 2022 no Espa\u00e7o Difusora com entrada totalmente gratuita para o evento.<\/span><\/p>\n<p style=\"text-align: justify;\">O festival tem o objetivo de contribuir para a divulga\u00e7\u00e3o da cultura popular tradicional pernambucana e nordestina, com a realiza\u00e7\u00e3o do 1\u00ba Festival Regional Flor e Barro impulsionando-os e mantendo os grupos locais ativos e a cultura viva na regi\u00e3o. Assim como: Enriquecer o conhecimento da comunidade com cultura e arte; Valorizar os artistas, grupos e coletivos de cultura popular e incentivar economia local.<\/p>\n<p style=\"text-align: justify;\">O 1\u00ba Festival Flor e Barro tem como equipe gestora Jailton Oliveira (Diretor Executivo), Rosimere Quaresma (Coordenadora de Produ\u00e7\u00e3o), Gl\u00e9bson Pedro (Coordenador de Log\u00edstica) e David Sebastian (Coordenador de Marketing e Comunica\u00e7\u00e3o). Todos fazem parte da diretoria do Grupo de Dan\u00e7a e Express\u00e3o Popular Flor e Barro que atua na cidade de Caruaru a 18 anos levando a cultura popular e a tradi\u00e7\u00e3o a v\u00e1rios festivais de folclore exemplo da Venezuela, Paraguai, S\u00e3o Paulo: nas cidades de S\u00e3o Bernardo do Campo e Olimpia, Rio Grande do Sul: na cidade de Nova Petr\u00f3polis e entre v\u00e1rias cidades do Nordeste. Rosimere Quaresma destaca: \u201c\u00c9 um sonho se tornando realidade esse primeiro festival. Estamos preparados para realizar esse nosso grande evento, pois as nossas experi\u00eancias em festivais s\u00f3 fez a gente amadurecer e realizar o sonho do Flor e Barro ter o seu pr\u00f3prio festival\u201d.<br \/>\nA realiza\u00e7\u00e3o do 1\u00ba Festival Regional Flor e Barro tem o incentivo a Lei Aldir Blanc, Secretaria de Cultura de Pernambuco, Governo do Estado de Pernambuco, Secretaria Especial de Cultura, Minist\u00e9rio do Turismo e Governo Federal.<\/p>\n<p style=\"text-align: justify;\">A partir desta segunda-feira (17)\u00a0 s\u00e3o sessenta dias para o folclore abra\u00e7ar Caruaru novamente no 1\u00ba Festival Regional Flor e Barro.<\/p>\n","protected":false},"excerpt":{"rendered":"<p>1\u00ba Festival Regional Flor e Barro ser\u00e1 composto por 16 grupos folcl\u00f3ricos distribu\u00eddos entre as macrorregi\u00f5es do estado de Pernambuco&hellip;<\/p>\n","protected":false},"author":1,"featured_media":79471,"comment_status":"open","ping_status":"open","sticky":false,"template":"","format":"standard","meta":{"footnotes":""},"categories":[14120],"tags":[23826,2,19532,3406],"class_list":["post-79469","post","type-post","status-publish","format-standard","has-post-thumbnail","hentry","category-noticias","tag-1-festival-regional-flor-e-barro-sera-realizado-em-caruaru","tag-blog-do-edvaldo-magalhaes","tag-blog-mais-acessado-e-visualizado-de-caruaru-e-regiao","tag-caruaru"],"_links":{"self":[{"href":"https:\/\/blogdoedvaldomagalhaes.com.br\/index.php\/wp-json\/wp\/v2\/posts\/79469","targetHints":{"allow":["GET"]}}],"collection":[{"href":"https:\/\/blogdoedvaldomagalhaes.com.br\/index.php\/wp-json\/wp\/v2\/posts"}],"about":[{"href":"https:\/\/blogdoedvaldomagalhaes.com.br\/index.php\/wp-json\/wp\/v2\/types\/post"}],"author":[{"embeddable":true,"href":"https:\/\/blogdoedvaldomagalhaes.com.br\/index.php\/wp-json\/wp\/v2\/users\/1"}],"replies":[{"embeddable":true,"href":"https:\/\/blogdoedvaldomagalhaes.com.br\/index.php\/wp-json\/wp\/v2\/comments?post=79469"}],"version-history":[{"count":1,"href":"https:\/\/blogdoedvaldomagalhaes.com.br\/index.php\/wp-json\/wp\/v2\/posts\/79469\/revisions"}],"predecessor-version":[{"id":79472,"href":"https:\/\/blogdoedvaldomagalhaes.com.br\/index.php\/wp-json\/wp\/v2\/posts\/79469\/revisions\/79472"}],"wp:featuredmedia":[{"embeddable":true,"href":"https:\/\/blogdoedvaldomagalhaes.com.br\/index.php\/wp-json\/wp\/v2\/media\/79471"}],"wp:attachment":[{"href":"https:\/\/blogdoedvaldomagalhaes.com.br\/index.php\/wp-json\/wp\/v2\/media?parent=79469"}],"wp:term":[{"taxonomy":"category","embeddable":true,"href":"https:\/\/blogdoedvaldomagalhaes.com.br\/index.php\/wp-json\/wp\/v2\/categories?post=79469"},{"taxonomy":"post_tag","embeddable":true,"href":"https:\/\/blogdoedvaldomagalhaes.com.br\/index.php\/wp-json\/wp\/v2\/tags?post=79469"}],"curies":[{"name":"wp","href":"https:\/\/api.w.org\/{rel}","templated":true}]}}