{"id":79466,"date":"2022-01-17T21:19:56","date_gmt":"2022-01-18T00:19:56","guid":{"rendered":"https:\/\/blogdoedvaldomagalhaes.com.br\/?p=79466"},"modified":"2022-01-17T21:19:57","modified_gmt":"2022-01-18T00:19:57","slug":"projeto-brincando-la-fora-promove-interacao-e-diversao-gratuita-para-criancas-no-polo-caruaru","status":"publish","type":"post","link":"https:\/\/blogdoedvaldomagalhaes.com.br\/index.php\/2022\/01\/17\/projeto-brincando-la-fora-promove-interacao-e-diversao-gratuita-para-criancas-no-polo-caruaru\/","title":{"rendered":"Projeto Brincando L\u00e1 Fora promove intera\u00e7\u00e3o e divers\u00e3o gratuita para crian\u00e7as no Polo Caruaru"},"content":{"rendered":"<p style=\"text-align: justify;\"><span style=\"font-size: inherit;\">Entre os dias 22 de janeiro e 13 de fevereiro, Caruaru contar\u00e1 com uma programa\u00e7\u00e3o especial para crian\u00e7as. Promovida no Polo Comercial, a iniciativa faz parte do projeto Brincando L\u00e1 Fora, que visa oferecer uma forma descontra\u00edda de intera\u00e7\u00e3o para o p\u00fablico infantil, com brincadeiras e din\u00e2micas especiais. Nesta terceira edi\u00e7\u00e3o, o evento ter\u00e1 o tema \u201cPop it\u201d e ser\u00e1 voltado para experi\u00eancias t\u00e1ticas e sensoriais.<\/span><\/p>\n<p style=\"text-align: justify;\">Ao longo de quatro finais de semana, as crian\u00e7as poder\u00e3o participar de brincadeiras como a \u201cEquil\u00edbrio\u201d, que desafia os participantes a permanecerem em p\u00e9 em um piso constru\u00eddo de bolas de l\u00e1tex. Al\u00e9m disso, poder\u00e3o brincar com a Parede de Pop It, onde ser\u00e1 poss\u00edvel construir um fidget toy gigante, e aproveitar o espa\u00e7o tem\u00e1tico para fotos, al\u00e9m de outras atra\u00e7\u00f5es.<\/p>\n<p style=\"text-align: justify;\">A programa\u00e7\u00e3o estar\u00e1 dispon\u00edvel de forma gratuita, de 11h \u00e0s 17h, nos dias 22, 23, 29 e 30 de janeiro e 5, 6, 12 e 13 de fevereiro. Uma nova edi\u00e7\u00e3o do evento est\u00e1 prevista para ter in\u00edcio em 7 de julho.<\/p>\n<p style=\"text-align: justify;\">O Polo Caruaru est\u00e1 localizado no Km 62 da BR-104, no bairro Nova Caruaru.<\/p>\n","protected":false},"excerpt":{"rendered":"<p>Entre os dias 22 de janeiro e 13 de fevereiro, Caruaru contar\u00e1 com uma programa\u00e7\u00e3o especial para crian\u00e7as. Promovida no&hellip;<\/p>\n","protected":false},"author":1,"featured_media":79467,"comment_status":"open","ping_status":"open","sticky":false,"template":"","format":"standard","meta":{"footnotes":""},"categories":[14120],"tags":[2,19532,3406,23825],"class_list":["post-79466","post","type-post","status-publish","format-standard","has-post-thumbnail","hentry","category-noticias","tag-blog-do-edvaldo-magalhaes","tag-blog-mais-acessado-e-visualizado-de-caruaru-e-regiao","tag-caruaru","tag-projeto-brincando-la-fora-promove-interacao-e-diversao-gratuita-para-criancas-no-polo-caruaru"],"_links":{"self":[{"href":"https:\/\/blogdoedvaldomagalhaes.com.br\/index.php\/wp-json\/wp\/v2\/posts\/79466","targetHints":{"allow":["GET"]}}],"collection":[{"href":"https:\/\/blogdoedvaldomagalhaes.com.br\/index.php\/wp-json\/wp\/v2\/posts"}],"about":[{"href":"https:\/\/blogdoedvaldomagalhaes.com.br\/index.php\/wp-json\/wp\/v2\/types\/post"}],"author":[{"embeddable":true,"href":"https:\/\/blogdoedvaldomagalhaes.com.br\/index.php\/wp-json\/wp\/v2\/users\/1"}],"replies":[{"embeddable":true,"href":"https:\/\/blogdoedvaldomagalhaes.com.br\/index.php\/wp-json\/wp\/v2\/comments?post=79466"}],"version-history":[{"count":1,"href":"https:\/\/blogdoedvaldomagalhaes.com.br\/index.php\/wp-json\/wp\/v2\/posts\/79466\/revisions"}],"predecessor-version":[{"id":79468,"href":"https:\/\/blogdoedvaldomagalhaes.com.br\/index.php\/wp-json\/wp\/v2\/posts\/79466\/revisions\/79468"}],"wp:featuredmedia":[{"embeddable":true,"href":"https:\/\/blogdoedvaldomagalhaes.com.br\/index.php\/wp-json\/wp\/v2\/media\/79467"}],"wp:attachment":[{"href":"https:\/\/blogdoedvaldomagalhaes.com.br\/index.php\/wp-json\/wp\/v2\/media?parent=79466"}],"wp:term":[{"taxonomy":"category","embeddable":true,"href":"https:\/\/blogdoedvaldomagalhaes.com.br\/index.php\/wp-json\/wp\/v2\/categories?post=79466"},{"taxonomy":"post_tag","embeddable":true,"href":"https:\/\/blogdoedvaldomagalhaes.com.br\/index.php\/wp-json\/wp\/v2\/tags?post=79466"}],"curies":[{"name":"wp","href":"https:\/\/api.w.org\/{rel}","templated":true}]}}