{"id":79462,"date":"2022-01-17T18:53:33","date_gmt":"2022-01-17T21:53:33","guid":{"rendered":"https:\/\/blogdoedvaldomagalhaes.com.br\/?p=79462"},"modified":"2022-01-17T18:53:35","modified_gmt":"2022-01-17T21:53:35","slug":"caruaru-tem-novo-ponto-de-vacinacao-contra-a-covid-19-para-adultos","status":"publish","type":"post","link":"https:\/\/blogdoedvaldomagalhaes.com.br\/index.php\/2022\/01\/17\/caruaru-tem-novo-ponto-de-vacinacao-contra-a-covid-19-para-adultos\/","title":{"rendered":"Caruaru tem novo ponto de vacina\u00e7\u00e3o contra a Covid-19 para adultos"},"content":{"rendered":"<p style=\"text-align: justify;\"><span style=\"font-size: inherit;\">A partir desta segunda-feira (17), quem estiver transitando pela Via Parque, nas imedia\u00e7\u00f5es do Grande Hotel, pr\u00f3ximo \u00e0 antiga Esta\u00e7\u00e3o Ferrovi\u00e1ria, encontrar\u00e1 um ponto de vacina\u00e7\u00e3o para a Covid-19.<\/span><\/p>\n<p style=\"text-align: justify;\">\u201cCom o ponto tradicional da vacina\u00e7\u00e3o noturna relocado para as crian\u00e7as. Decidimos criar um novo local na Via Parque para manter a estrat\u00e9gia de vacina\u00e7\u00e3o para adultos\u201d, explicou a secret\u00e1ria de Sa\u00fade de Caruaru, B\u00e1rbara Flor\u00eancio.<\/p>\n<p style=\"text-align: justify;\">No local poder\u00e3o se vacinar as pessoas com 12 anos ou mais, que v\u00e3o tomar a 1\u00aa dose (D1), 2\u00aa dose ( D2) e a dose de refor\u00e7o. Para se imunizar, \u00e9 preciso levar c\u00f3pia do CPF ou cart\u00e3o do SUS e comprovante de vacina\u00e7\u00e3o.<\/p>\n<p style=\"text-align: justify;\">A vacina\u00e7\u00e3o no novo ponto \u00e9 noturna, de segunda a sexta-feira, das 17h \u00e0s 20h, e diurna, nos s\u00e1bados, domingos e feriados, das 8h \u00e0s 18h. N\u00e3o \u00e9 necess\u00e1rio agendamento.<\/p>\n<p style=\"text-align: justify;\">Foto: Edmilson Tanaka.<\/p>\n","protected":false},"excerpt":{"rendered":"<p>A partir desta segunda-feira (17), quem estiver transitando pela Via Parque, nas imedia\u00e7\u00f5es do Grande Hotel, pr\u00f3ximo \u00e0 antiga Esta\u00e7\u00e3o&hellip;<\/p>\n","protected":false},"author":1,"featured_media":79463,"comment_status":"open","ping_status":"open","sticky":false,"template":"","format":"standard","meta":{"footnotes":""},"categories":[14120],"tags":[2,19532,3406,23824],"class_list":["post-79462","post","type-post","status-publish","format-standard","has-post-thumbnail","hentry","category-noticias","tag-blog-do-edvaldo-magalhaes","tag-blog-mais-acessado-e-visualizado-de-caruaru-e-regiao","tag-caruaru","tag-caruaru-tem-novo-ponto-de-vacinacao-contra-a-covid-19-para-adultos"],"_links":{"self":[{"href":"https:\/\/blogdoedvaldomagalhaes.com.br\/index.php\/wp-json\/wp\/v2\/posts\/79462","targetHints":{"allow":["GET"]}}],"collection":[{"href":"https:\/\/blogdoedvaldomagalhaes.com.br\/index.php\/wp-json\/wp\/v2\/posts"}],"about":[{"href":"https:\/\/blogdoedvaldomagalhaes.com.br\/index.php\/wp-json\/wp\/v2\/types\/post"}],"author":[{"embeddable":true,"href":"https:\/\/blogdoedvaldomagalhaes.com.br\/index.php\/wp-json\/wp\/v2\/users\/1"}],"replies":[{"embeddable":true,"href":"https:\/\/blogdoedvaldomagalhaes.com.br\/index.php\/wp-json\/wp\/v2\/comments?post=79462"}],"version-history":[{"count":1,"href":"https:\/\/blogdoedvaldomagalhaes.com.br\/index.php\/wp-json\/wp\/v2\/posts\/79462\/revisions"}],"predecessor-version":[{"id":79464,"href":"https:\/\/blogdoedvaldomagalhaes.com.br\/index.php\/wp-json\/wp\/v2\/posts\/79462\/revisions\/79464"}],"wp:featuredmedia":[{"embeddable":true,"href":"https:\/\/blogdoedvaldomagalhaes.com.br\/index.php\/wp-json\/wp\/v2\/media\/79463"}],"wp:attachment":[{"href":"https:\/\/blogdoedvaldomagalhaes.com.br\/index.php\/wp-json\/wp\/v2\/media?parent=79462"}],"wp:term":[{"taxonomy":"category","embeddable":true,"href":"https:\/\/blogdoedvaldomagalhaes.com.br\/index.php\/wp-json\/wp\/v2\/categories?post=79462"},{"taxonomy":"post_tag","embeddable":true,"href":"https:\/\/blogdoedvaldomagalhaes.com.br\/index.php\/wp-json\/wp\/v2\/tags?post=79462"}],"curies":[{"name":"wp","href":"https:\/\/api.w.org\/{rel}","templated":true}]}}