{"id":79459,"date":"2022-01-17T16:10:12","date_gmt":"2022-01-17T19:10:12","guid":{"rendered":"https:\/\/blogdoedvaldomagalhaes.com.br\/?p=79459"},"modified":"2022-01-17T19:34:48","modified_gmt":"2022-01-17T22:34:48","slug":"pesquisa-aponta-as-areas-de-boas-oportunidades-de-emprego-em-2022-confira","status":"publish","type":"post","link":"https:\/\/blogdoedvaldomagalhaes.com.br\/index.php\/2022\/01\/17\/pesquisa-aponta-as-areas-de-boas-oportunidades-de-emprego-em-2022-confira\/","title":{"rendered":"Pesquisa aponta as \u00e1reas de boas oportunidades de emprego em 2022; Confira"},"content":{"rendered":"<p style=\"text-align: justify;\"><span style=\"font-size: inherit;\">A Robert\u00a0 Walters, consultoria especializada em recrutamento, estima que haver\u00e1 um aumento de 5% a 10%, em m\u00e9dia, nos sal\u00e1rios de contrata\u00e7\u00e3o dos cargos mais demandados pelas empresas. Em setores ligados \u00e0 tecnologia, o acr\u00e9scimo pode chegar a 20%.<\/span><\/p>\n<p style=\"text-align: justify;\">Atento a esta demanda de novos profissionais, o UniFavip Wyden oferece em seu portf\u00f3lio de cursos a gradua\u00e7\u00e3o nestas e em outras \u00e1reas de atua\u00e7\u00e3o. Refer\u00eancia em ensino superior na regi\u00e3o, a unidade conta com apoio de profissionais, docentes, mestres e doutores, al\u00e9m de laborat\u00f3rios e toda infraestrutura necess\u00e1ria para garantir uma forma\u00e7\u00e3o de qualidade.<\/p>\n<p style=\"text-align: justify;\">Diego Cunha, reitor da institui\u00e7\u00e3o, afirma que a unidade est\u00e1 preparada para formar profissionais para o mercado de trabalho, articulando teoria e pr\u00e1tica desde o primeiro per\u00edodo e aliando o melhor da gradua\u00e7\u00e3o com os avan\u00e7os da tecnologia na era digital. Ele destaca que as \u00e1reas como TI (tecnologia da informa\u00e7\u00e3o), marketing digital, finan\u00e7as e recursos humanos est\u00e3o em plena expans\u00e3o, com um mercado aberto e repleto de oportunidade para o exerc\u00edcio da profiss\u00e3o.<\/p>\n<p style=\"text-align: justify;\">Como ingressar?<br \/>\nNo dia 22 de janeiro, o UniFavip Wyden realizar\u00e1 o primeiro SuperVestibular do ano. E o que \u00e9 melhor, acompanhado de um concurso que premiar\u00e1 os melhores colocados, em oportunidade \u00fanica e exclusiva para os candidatos que realizarem o Vestibular Presencial.<\/p>\n<p style=\"text-align: justify;\">S\u00e3o dezenas de vagas nas \u00e1reas de engenharia, direito, moda, empreendedorismo, tecnologia, sa\u00fade e nas modalidades Presencial e Semipresencial.<\/p>\n<p style=\"text-align: justify;\">O vestibular \u00e9 gratuito e ser\u00e1 realizado atendendo aos protocolos da Organiza\u00e7\u00e3o Mundial de Sa\u00fade (OMS).<\/p>\n<p style=\"text-align: justify;\">Os interessados devem se inscrever at\u00e9 o dia 20 de janeiro. Para efetuar a inscri\u00e7\u00e3o ou consultar as demais informa\u00e7\u00f5es, basta acessar o site: https:\/\/inscricoes.unifavip.com.br\/.<\/p>\n<p style=\"text-align: justify;\">\u2022 Hor\u00e1rio da prova: 14:00 (hor\u00e1rio de Bras\u00edlia) \u2013 O candidato precisar\u00e1 se dirigir ao Campus da IES de interesse para realizar a prova.<br \/>\nPrevis\u00e3o do Resultado: 26\/01\/2022<br \/>\nOs editais est\u00e3o dispon\u00edveis nos portais de todas as IES.<\/p>\n<p style=\"text-align: justify;\">Foto: Divulga\u00e7\u00e3o.<\/p>\n","protected":false},"excerpt":{"rendered":"<p>A Robert\u00a0 Walters, consultoria especializada em recrutamento, estima que haver\u00e1 um aumento de 5% a 10%, em m\u00e9dia, nos sal\u00e1rios&hellip;<\/p>\n","protected":false},"author":1,"featured_media":79460,"comment_status":"open","ping_status":"open","sticky":false,"template":"","format":"standard","meta":{"footnotes":""},"categories":[14120],"tags":[2,19532,3406,23823],"class_list":["post-79459","post","type-post","status-publish","format-standard","has-post-thumbnail","hentry","category-noticias","tag-blog-do-edvaldo-magalhaes","tag-blog-mais-acessado-e-visualizado-de-caruaru-e-regiao","tag-caruaru","tag-pesquisa-aponta-as-areas-de-boas-oportunidades-de-emprego-em-2022-confira"],"_links":{"self":[{"href":"https:\/\/blogdoedvaldomagalhaes.com.br\/index.php\/wp-json\/wp\/v2\/posts\/79459","targetHints":{"allow":["GET"]}}],"collection":[{"href":"https:\/\/blogdoedvaldomagalhaes.com.br\/index.php\/wp-json\/wp\/v2\/posts"}],"about":[{"href":"https:\/\/blogdoedvaldomagalhaes.com.br\/index.php\/wp-json\/wp\/v2\/types\/post"}],"author":[{"embeddable":true,"href":"https:\/\/blogdoedvaldomagalhaes.com.br\/index.php\/wp-json\/wp\/v2\/users\/1"}],"replies":[{"embeddable":true,"href":"https:\/\/blogdoedvaldomagalhaes.com.br\/index.php\/wp-json\/wp\/v2\/comments?post=79459"}],"version-history":[{"count":2,"href":"https:\/\/blogdoedvaldomagalhaes.com.br\/index.php\/wp-json\/wp\/v2\/posts\/79459\/revisions"}],"predecessor-version":[{"id":79465,"href":"https:\/\/blogdoedvaldomagalhaes.com.br\/index.php\/wp-json\/wp\/v2\/posts\/79459\/revisions\/79465"}],"wp:featuredmedia":[{"embeddable":true,"href":"https:\/\/blogdoedvaldomagalhaes.com.br\/index.php\/wp-json\/wp\/v2\/media\/79460"}],"wp:attachment":[{"href":"https:\/\/blogdoedvaldomagalhaes.com.br\/index.php\/wp-json\/wp\/v2\/media?parent=79459"}],"wp:term":[{"taxonomy":"category","embeddable":true,"href":"https:\/\/blogdoedvaldomagalhaes.com.br\/index.php\/wp-json\/wp\/v2\/categories?post=79459"},{"taxonomy":"post_tag","embeddable":true,"href":"https:\/\/blogdoedvaldomagalhaes.com.br\/index.php\/wp-json\/wp\/v2\/tags?post=79459"}],"curies":[{"name":"wp","href":"https:\/\/api.w.org\/{rel}","templated":true}]}}