{"id":79454,"date":"2022-01-17T14:14:20","date_gmt":"2022-01-17T17:14:20","guid":{"rendered":"https:\/\/blogdoedvaldomagalhaes.com.br\/?p=79454"},"modified":"2022-01-17T14:14:21","modified_gmt":"2022-01-17T17:14:21","slug":"caruaru-inicia-vacinacao-de-criancas-contra-covid-19","status":"publish","type":"post","link":"https:\/\/blogdoedvaldomagalhaes.com.br\/index.php\/2022\/01\/17\/caruaru-inicia-vacinacao-de-criancas-contra-covid-19\/","title":{"rendered":"Caruaru inicia vacina\u00e7\u00e3o de crian\u00e7as contra covid-19"},"content":{"rendered":"<p style=\"text-align: justify;\"><span style=\"font-size: inherit;\">A semana come\u00e7ou com mais um suspiro de esperan\u00e7a e al\u00edvio para os caruaruenses. Na manh\u00e3 desta segunda-feira (17), foi iniciada a vacina\u00e7\u00e3o infantil contra a Covid-19, no munic\u00edpio. A primeira crian\u00e7a a receber a primeira dose do imunizante foi Igor Gabriel dos Santos Melo, de 8 anos, que tem s\u00edndrome de down. A vacina\u00e7\u00e3o acontece de segunda a sexta-feira, das 8h \u00e0s 16h. Nos s\u00e1bados, domingos e feriados, o hor\u00e1rio ser\u00e1 das 8h \u00e0s 18h, na Via Parque, em frente ao INSS.<\/span><\/p>\n<p style=\"text-align: justify;\">Todo cheio de coragem e com o sorriso nos l\u00e1bios, o pequeno Igor recebeu o imunizante e n\u00e3o hesitou a dizer: &#8216;vacina boa \u00e9 vacina no bra\u00e7o&#8217;. \u201cA gente esperou tanto tempo e sabe o quanto \u00e9 importante. \u00c9 uma sensa\u00e7\u00e3o de al\u00edvio ver nosso filho recebendo o imunizante. Fico muito feliz em ter chegado esse momento\u201d, comemorou Suzana Maria dos Santos Melo, m\u00e3e do garoto.<\/p>\n<p style=\"text-align: justify;\">\u201cA gente est\u00e1 fazendo o cadastramento de todas as crian\u00e7as com doen\u00e7a neurol\u00f3gica cr\u00f4nica, autismo, s\u00edndrome de down, deficientes e imunossuprimidas, porque elas s\u00e3o prioridades na vacina\u00e7\u00e3o. Mas logo mais tamb\u00e9m estar\u00e1 dispon\u00edvel para todos e teremos a alegria de ter todas as crian\u00e7as do munic\u00edpio vacinadas\u201d, comemorou a Prefeita de Caruaru, Raquel Lyra.<\/p>\n<p style=\"text-align: justify;\">Para vacinar os pequenos, os pais e respons\u00e1veis devem se dirigir ao local com o CPF, Cart\u00e3o do SUS, laudo m\u00e9dico e caderneta de vacina\u00e7\u00e3o. N\u00e3o ser\u00e1 exigida prescri\u00e7\u00e3o m\u00e9dica. O agendamento est\u00e1 dispon\u00edvel no site www.vacina.caruaru.pe.gov.br<\/p>\n<p style=\"text-align: justify;\">A vacina pedi\u00e1trica \u00e9 aplicada em um intervalo de oito semanas, entre a 1\u00aa dose (D1) e a 2\u00aa (D2). O imunizante \u00e9 Pfizer, em dose de 0,2ml.<\/p>\n\n\n<figure class=\"wp-block-image size-large\"><img loading=\"lazy\" decoding=\"async\" width=\"1024\" height=\"682\" src=\"https:\/\/blogdoedvaldomagalhaes.com.br\/wp-content\/uploads\/2022\/01\/IMG-20220117-WA0202-1024x682.jpg\" alt=\"\" class=\"wp-image-79456\" srcset=\"https:\/\/blogdoedvaldomagalhaes.com.br\/wp-content\/uploads\/2022\/01\/IMG-20220117-WA0202-1024x682.jpg 1024w, https:\/\/blogdoedvaldomagalhaes.com.br\/wp-content\/uploads\/2022\/01\/IMG-20220117-WA0202-300x200.jpg 300w, https:\/\/blogdoedvaldomagalhaes.com.br\/wp-content\/uploads\/2022\/01\/IMG-20220117-WA0202-768x512.jpg 768w, https:\/\/blogdoedvaldomagalhaes.com.br\/wp-content\/uploads\/2022\/01\/IMG-20220117-WA0202-1536x1023.jpg 1536w, https:\/\/blogdoedvaldomagalhaes.com.br\/wp-content\/uploads\/2022\/01\/IMG-20220117-WA0202.jpg 1600w\" sizes=\"auto, (max-width: 1024px) 100vw, 1024px\" \/><figcaption>Fotos: Divulga\u00e7\u00e3o\/SEIC<\/figcaption><\/figure>\n","protected":false},"excerpt":{"rendered":"<p>A semana come\u00e7ou com mais um suspiro de esperan\u00e7a e al\u00edvio para os caruaruenses. Na manh\u00e3 desta segunda-feira (17), foi&hellip;<\/p>\n","protected":false},"author":1,"featured_media":79455,"comment_status":"open","ping_status":"open","sticky":false,"template":"","format":"standard","meta":{"footnotes":""},"categories":[14120],"tags":[2,19532,3406,23822],"class_list":["post-79454","post","type-post","status-publish","format-standard","has-post-thumbnail","hentry","category-noticias","tag-blog-do-edvaldo-magalhaes","tag-blog-mais-acessado-e-visualizado-de-caruaru-e-regiao","tag-caruaru","tag-caruaru-inicia-vacinacao-de-criancas-contra-covid-19"],"_links":{"self":[{"href":"https:\/\/blogdoedvaldomagalhaes.com.br\/index.php\/wp-json\/wp\/v2\/posts\/79454","targetHints":{"allow":["GET"]}}],"collection":[{"href":"https:\/\/blogdoedvaldomagalhaes.com.br\/index.php\/wp-json\/wp\/v2\/posts"}],"about":[{"href":"https:\/\/blogdoedvaldomagalhaes.com.br\/index.php\/wp-json\/wp\/v2\/types\/post"}],"author":[{"embeddable":true,"href":"https:\/\/blogdoedvaldomagalhaes.com.br\/index.php\/wp-json\/wp\/v2\/users\/1"}],"replies":[{"embeddable":true,"href":"https:\/\/blogdoedvaldomagalhaes.com.br\/index.php\/wp-json\/wp\/v2\/comments?post=79454"}],"version-history":[{"count":1,"href":"https:\/\/blogdoedvaldomagalhaes.com.br\/index.php\/wp-json\/wp\/v2\/posts\/79454\/revisions"}],"predecessor-version":[{"id":79457,"href":"https:\/\/blogdoedvaldomagalhaes.com.br\/index.php\/wp-json\/wp\/v2\/posts\/79454\/revisions\/79457"}],"wp:featuredmedia":[{"embeddable":true,"href":"https:\/\/blogdoedvaldomagalhaes.com.br\/index.php\/wp-json\/wp\/v2\/media\/79455"}],"wp:attachment":[{"href":"https:\/\/blogdoedvaldomagalhaes.com.br\/index.php\/wp-json\/wp\/v2\/media?parent=79454"}],"wp:term":[{"taxonomy":"category","embeddable":true,"href":"https:\/\/blogdoedvaldomagalhaes.com.br\/index.php\/wp-json\/wp\/v2\/categories?post=79454"},{"taxonomy":"post_tag","embeddable":true,"href":"https:\/\/blogdoedvaldomagalhaes.com.br\/index.php\/wp-json\/wp\/v2\/tags?post=79454"}],"curies":[{"name":"wp","href":"https:\/\/api.w.org\/{rel}","templated":true}]}}