{"id":79451,"date":"2022-01-17T13:28:58","date_gmt":"2022-01-17T16:28:58","guid":{"rendered":"https:\/\/blogdoedvaldomagalhaes.com.br\/?p=79451"},"modified":"2022-01-17T13:28:59","modified_gmt":"2022-01-17T16:28:59","slug":"fagner-solicita-que-centro-de-vacinacao-seja-destinado-a-imunizacao-de-criancas","status":"publish","type":"post","link":"https:\/\/blogdoedvaldomagalhaes.com.br\/index.php\/2022\/01\/17\/fagner-solicita-que-centro-de-vacinacao-seja-destinado-a-imunizacao-de-criancas\/","title":{"rendered":"Fagner solicita que Centro de vacina\u00e7\u00e3o seja destinado \u00e0 imuniza\u00e7\u00e3o de crian\u00e7as"},"content":{"rendered":"<p style=\"text-align: justify;\"><span style=\"font-size: inherit;\">Por meio de of\u00edcio, o vereador e l\u00edder da oposi\u00e7\u00e3o na C\u00e2mara, Fagner Fernandes (PDT), solicitou a secretaria de Sa\u00fade de Caruaru que n\u00e3o encerre as atividades do Centro de Vacina\u00e7\u00e3o, que funciona no Espa\u00e7o Cultural Tancredo Neves.<\/span><\/p>\n<p style=\"text-align: justify;\">De acordo com Fagner, uma boa estrat\u00e9gia, seria utilizar o local como ponto de vacina\u00e7\u00e3o para o p\u00fablico infantil. &#8220;Com o in\u00edcio da imuniza\u00e7\u00e3o das crian\u00e7as entre 5 a 11 anos, o espa\u00e7o seria fundamental para atender com conforto e rapidez a esse p\u00fablico. O local conta com estacionamento e comporta a demanda de pessoas. Al\u00e9m disso, as crian\u00e7as nao devem ser vacinadas na Via Parque, como os adultos. Esperamos compreens\u00e3o por parte da gest\u00e3o municipal&#8221;, pontuou o parlamentar.<\/p>\n","protected":false},"excerpt":{"rendered":"<p>Por meio de of\u00edcio, o vereador e l\u00edder da oposi\u00e7\u00e3o na C\u00e2mara, Fagner Fernandes (PDT), solicitou a secretaria de Sa\u00fade&hellip;<\/p>\n","protected":false},"author":1,"featured_media":79452,"comment_status":"open","ping_status":"open","sticky":false,"template":"","format":"standard","meta":{"footnotes":""},"categories":[14122],"tags":[2,19532,3406,23821],"class_list":["post-79451","post","type-post","status-publish","format-standard","has-post-thumbnail","hentry","category-politica","tag-blog-do-edvaldo-magalhaes","tag-blog-mais-acessado-e-visualizado-de-caruaru-e-regiao","tag-caruaru","tag-fagner-solicita-que-centro-de-vacinacao-seja-destinado-a-imunizacao-de-criancas"],"_links":{"self":[{"href":"https:\/\/blogdoedvaldomagalhaes.com.br\/index.php\/wp-json\/wp\/v2\/posts\/79451","targetHints":{"allow":["GET"]}}],"collection":[{"href":"https:\/\/blogdoedvaldomagalhaes.com.br\/index.php\/wp-json\/wp\/v2\/posts"}],"about":[{"href":"https:\/\/blogdoedvaldomagalhaes.com.br\/index.php\/wp-json\/wp\/v2\/types\/post"}],"author":[{"embeddable":true,"href":"https:\/\/blogdoedvaldomagalhaes.com.br\/index.php\/wp-json\/wp\/v2\/users\/1"}],"replies":[{"embeddable":true,"href":"https:\/\/blogdoedvaldomagalhaes.com.br\/index.php\/wp-json\/wp\/v2\/comments?post=79451"}],"version-history":[{"count":1,"href":"https:\/\/blogdoedvaldomagalhaes.com.br\/index.php\/wp-json\/wp\/v2\/posts\/79451\/revisions"}],"predecessor-version":[{"id":79453,"href":"https:\/\/blogdoedvaldomagalhaes.com.br\/index.php\/wp-json\/wp\/v2\/posts\/79451\/revisions\/79453"}],"wp:featuredmedia":[{"embeddable":true,"href":"https:\/\/blogdoedvaldomagalhaes.com.br\/index.php\/wp-json\/wp\/v2\/media\/79452"}],"wp:attachment":[{"href":"https:\/\/blogdoedvaldomagalhaes.com.br\/index.php\/wp-json\/wp\/v2\/media?parent=79451"}],"wp:term":[{"taxonomy":"category","embeddable":true,"href":"https:\/\/blogdoedvaldomagalhaes.com.br\/index.php\/wp-json\/wp\/v2\/categories?post=79451"},{"taxonomy":"post_tag","embeddable":true,"href":"https:\/\/blogdoedvaldomagalhaes.com.br\/index.php\/wp-json\/wp\/v2\/tags?post=79451"}],"curies":[{"name":"wp","href":"https:\/\/api.w.org\/{rel}","templated":true}]}}