{"id":79440,"date":"2022-01-16T19:12:31","date_gmt":"2022-01-16T22:12:31","guid":{"rendered":"https:\/\/blogdoedvaldomagalhaes.com.br\/?p=79440"},"modified":"2022-01-16T19:21:14","modified_gmt":"2022-01-16T22:21:14","slug":"motorista-morre-e-quatro-pessoas-ficam-feridas-apos-veiculo-capotar","status":"publish","type":"post","link":"https:\/\/blogdoedvaldomagalhaes.com.br\/index.php\/2022\/01\/16\/motorista-morre-e-quatro-pessoas-ficam-feridas-apos-veiculo-capotar\/","title":{"rendered":"Motorista morre e quatro pessoas ficam feridas ap\u00f3s ve\u00edculo capotar"},"content":{"rendered":"<p style=\"text-align: justify;\">Na tarde deste domingo (16), a Pol\u00edcia Rodovi\u00e1ria Federal (PRF) foi acionada para atender a um acidente na BR 101, km 53, em Paratibe, Paulista.<\/p>\n<p style=\"text-align: justify;\">Ao chegar no local, os policiais se depararam com o condutor de um Fiat Doblo, que faleceu no local, ap\u00f3s capotamento do ve\u00edculo. Ele tinha 37 anos de idade e n\u00e3o teve a identidade revelada.<\/p>\n<p style=\"text-align: justify;\"><span style=\"font-size: inherit;\">Duas pessoas feridas foram socorridas pelos Bombeiros, sendo um homem de 24 anos de idade, que foi levado para a Unidade de Pronto Atendimento (UPA) de Igarassu, e uma mulher de 25 anos de idade\u00a0<\/span><\/p>\n<p style=\"text-align: justify;\">O\u00a0 Samu tamb\u00e9m esteve no local e atendeu mais duas v\u00edtimas, mas n\u00e3o divulgou detalhes sobre as pessoas socorridas, nem para onde foram levadas.<\/p>\n<p style=\"text-align: justify;\">O IML e a pol\u00edcia civil foram acionados para proceder as investiga\u00e7\u00f5es do acidente.<\/p>\n\n\n<figure class=\"wp-block-image size-large\"><img loading=\"lazy\" decoding=\"async\" width=\"600\" height=\"391\" src=\"https:\/\/blogdoedvaldomagalhaes.com.br\/wp-content\/uploads\/2022\/01\/acidente-br101.jpeg\" alt=\"\" class=\"wp-image-79447\" srcset=\"https:\/\/blogdoedvaldomagalhaes.com.br\/wp-content\/uploads\/2022\/01\/acidente-br101.jpeg 600w, https:\/\/blogdoedvaldomagalhaes.com.br\/wp-content\/uploads\/2022\/01\/acidente-br101-300x196.jpeg 300w\" sizes=\"auto, (max-width: 600px) 100vw, 600px\" \/><figcaption>Foto: Reprodu\u00e7\u00e3o\/WhatsApp<\/figcaption><\/figure>\n","protected":false},"excerpt":{"rendered":"<p>Na tarde deste domingo (16), a Pol\u00edcia Rodovi\u00e1ria Federal (PRF) foi acionada para atender a um acidente na BR 101,&hellip;<\/p>\n","protected":false},"author":1,"featured_media":79441,"comment_status":"open","ping_status":"open","sticky":false,"template":"","format":"standard","meta":{"footnotes":""},"categories":[14120],"tags":[2,19532,3406,23820],"class_list":["post-79440","post","type-post","status-publish","format-standard","has-post-thumbnail","hentry","category-noticias","tag-blog-do-edvaldo-magalhaes","tag-blog-mais-acessado-e-visualizado-de-caruaru-e-regiao","tag-caruaru","tag-motorista-morre-e-quatro-pessoas-ficam-feridas-apos-veiculo-capotar"],"_links":{"self":[{"href":"https:\/\/blogdoedvaldomagalhaes.com.br\/index.php\/wp-json\/wp\/v2\/posts\/79440","targetHints":{"allow":["GET"]}}],"collection":[{"href":"https:\/\/blogdoedvaldomagalhaes.com.br\/index.php\/wp-json\/wp\/v2\/posts"}],"about":[{"href":"https:\/\/blogdoedvaldomagalhaes.com.br\/index.php\/wp-json\/wp\/v2\/types\/post"}],"author":[{"embeddable":true,"href":"https:\/\/blogdoedvaldomagalhaes.com.br\/index.php\/wp-json\/wp\/v2\/users\/1"}],"replies":[{"embeddable":true,"href":"https:\/\/blogdoedvaldomagalhaes.com.br\/index.php\/wp-json\/wp\/v2\/comments?post=79440"}],"version-history":[{"count":4,"href":"https:\/\/blogdoedvaldomagalhaes.com.br\/index.php\/wp-json\/wp\/v2\/posts\/79440\/revisions"}],"predecessor-version":[{"id":79448,"href":"https:\/\/blogdoedvaldomagalhaes.com.br\/index.php\/wp-json\/wp\/v2\/posts\/79440\/revisions\/79448"}],"wp:featuredmedia":[{"embeddable":true,"href":"https:\/\/blogdoedvaldomagalhaes.com.br\/index.php\/wp-json\/wp\/v2\/media\/79441"}],"wp:attachment":[{"href":"https:\/\/blogdoedvaldomagalhaes.com.br\/index.php\/wp-json\/wp\/v2\/media?parent=79440"}],"wp:term":[{"taxonomy":"category","embeddable":true,"href":"https:\/\/blogdoedvaldomagalhaes.com.br\/index.php\/wp-json\/wp\/v2\/categories?post=79440"},{"taxonomy":"post_tag","embeddable":true,"href":"https:\/\/blogdoedvaldomagalhaes.com.br\/index.php\/wp-json\/wp\/v2\/tags?post=79440"}],"curies":[{"name":"wp","href":"https:\/\/api.w.org\/{rel}","templated":true}]}}