{"id":79423,"date":"2022-01-16T08:20:46","date_gmt":"2022-01-16T11:20:46","guid":{"rendered":"https:\/\/blogdoedvaldomagalhaes.com.br\/?p=79423"},"modified":"2022-01-16T08:35:23","modified_gmt":"2022-01-16T11:35:23","slug":"galego-de-lajes-atende-solicitacoes-dos-moradores-da-vila-jacare-grande","status":"publish","type":"post","link":"https:\/\/blogdoedvaldomagalhaes.com.br\/index.php\/2022\/01\/16\/galego-de-lajes-atende-solicitacoes-dos-moradores-da-vila-jacare-grande\/","title":{"rendered":"Galego de Lajes atende solicita\u00e7\u00f5es dos moradores da Vila Jacar\u00e9 Grande"},"content":{"rendered":"<p style=\"text-align: justify;\">O vereador Galego de Lajes, atendeu as solicita\u00e7\u00f5es dos moradores da Vila de Jacar\u00e9 Grande, zona rural de Caruaru. Entre elas, retirada de metralha e terraplanagem.<\/p>\n\n\n<figure class=\"wp-block-image size-large\"><img loading=\"lazy\" decoding=\"async\" width=\"1024\" height=\"986\" src=\"https:\/\/blogdoedvaldomagalhaes.com.br\/wp-content\/uploads\/2022\/01\/Screenshot_20220116-082714-1024x986.png\" alt=\"\" class=\"wp-image-79428\" srcset=\"https:\/\/blogdoedvaldomagalhaes.com.br\/wp-content\/uploads\/2022\/01\/Screenshot_20220116-082714-1024x986.png 1024w, https:\/\/blogdoedvaldomagalhaes.com.br\/wp-content\/uploads\/2022\/01\/Screenshot_20220116-082714-300x289.png 300w, https:\/\/blogdoedvaldomagalhaes.com.br\/wp-content\/uploads\/2022\/01\/Screenshot_20220116-082714-768x740.png 768w, https:\/\/blogdoedvaldomagalhaes.com.br\/wp-content\/uploads\/2022\/01\/Screenshot_20220116-082714.png 1080w\" sizes=\"auto, (max-width: 1024px) 100vw, 1024px\" \/><\/figure>\n\n\n\n<figure class=\"wp-block-image size-large\"><img loading=\"lazy\" decoding=\"async\" width=\"836\" height=\"692\" src=\"https:\/\/blogdoedvaldomagalhaes.com.br\/wp-content\/uploads\/2022\/01\/Screenshot_20220116-083213.png\" alt=\"\" class=\"wp-image-79432\" srcset=\"https:\/\/blogdoedvaldomagalhaes.com.br\/wp-content\/uploads\/2022\/01\/Screenshot_20220116-083213.png 836w, https:\/\/blogdoedvaldomagalhaes.com.br\/wp-content\/uploads\/2022\/01\/Screenshot_20220116-083213-300x248.png 300w, https:\/\/blogdoedvaldomagalhaes.com.br\/wp-content\/uploads\/2022\/01\/Screenshot_20220116-083213-768x636.png 768w\" sizes=\"auto, (max-width: 836px) 100vw, 836px\" \/><figcaption>Fotos: Divulga\u00e7\u00e3o <\/figcaption><\/figure>\n","protected":false},"excerpt":{"rendered":"<p>O vereador Galego de Lajes, atendeu as solicita\u00e7\u00f5es dos moradores da Vila de Jacar\u00e9 Grande, zona rural de Caruaru. Entre&hellip;<\/p>\n","protected":false},"author":1,"featured_media":79424,"comment_status":"open","ping_status":"open","sticky":false,"template":"","format":"standard","meta":{"footnotes":""},"categories":[14122],"tags":[2,19532,3406,23818],"class_list":["post-79423","post","type-post","status-publish","format-standard","has-post-thumbnail","hentry","category-politica","tag-blog-do-edvaldo-magalhaes","tag-blog-mais-acessado-e-visualizado-de-caruaru-e-regiao","tag-caruaru","tag-galego-de-lajes-atende-solicitacoes-dos-moradores-da-vila-jacare-grande"],"_links":{"self":[{"href":"https:\/\/blogdoedvaldomagalhaes.com.br\/index.php\/wp-json\/wp\/v2\/posts\/79423","targetHints":{"allow":["GET"]}}],"collection":[{"href":"https:\/\/blogdoedvaldomagalhaes.com.br\/index.php\/wp-json\/wp\/v2\/posts"}],"about":[{"href":"https:\/\/blogdoedvaldomagalhaes.com.br\/index.php\/wp-json\/wp\/v2\/types\/post"}],"author":[{"embeddable":true,"href":"https:\/\/blogdoedvaldomagalhaes.com.br\/index.php\/wp-json\/wp\/v2\/users\/1"}],"replies":[{"embeddable":true,"href":"https:\/\/blogdoedvaldomagalhaes.com.br\/index.php\/wp-json\/wp\/v2\/comments?post=79423"}],"version-history":[{"count":4,"href":"https:\/\/blogdoedvaldomagalhaes.com.br\/index.php\/wp-json\/wp\/v2\/posts\/79423\/revisions"}],"predecessor-version":[{"id":79433,"href":"https:\/\/blogdoedvaldomagalhaes.com.br\/index.php\/wp-json\/wp\/v2\/posts\/79423\/revisions\/79433"}],"wp:featuredmedia":[{"embeddable":true,"href":"https:\/\/blogdoedvaldomagalhaes.com.br\/index.php\/wp-json\/wp\/v2\/media\/79424"}],"wp:attachment":[{"href":"https:\/\/blogdoedvaldomagalhaes.com.br\/index.php\/wp-json\/wp\/v2\/media?parent=79423"}],"wp:term":[{"taxonomy":"category","embeddable":true,"href":"https:\/\/blogdoedvaldomagalhaes.com.br\/index.php\/wp-json\/wp\/v2\/categories?post=79423"},{"taxonomy":"post_tag","embeddable":true,"href":"https:\/\/blogdoedvaldomagalhaes.com.br\/index.php\/wp-json\/wp\/v2\/tags?post=79423"}],"curies":[{"name":"wp","href":"https:\/\/api.w.org\/{rel}","templated":true}]}}