{"id":79417,"date":"2022-01-15T20:14:33","date_gmt":"2022-01-15T23:14:33","guid":{"rendered":"https:\/\/blogdoedvaldomagalhaes.com.br\/?p=79417"},"modified":"2022-01-15T20:14:34","modified_gmt":"2022-01-15T23:14:34","slug":"centro-municipal-de-testagem-volta-a-funcionar-por-agendamento-em-caruaru","status":"publish","type":"post","link":"https:\/\/blogdoedvaldomagalhaes.com.br\/index.php\/2022\/01\/15\/centro-municipal-de-testagem-volta-a-funcionar-por-agendamento-em-caruaru\/","title":{"rendered":"Centro Municipal de Testagem volta a funcionar por agendamento em Caruaru"},"content":{"rendered":"<p style=\"text-align: justify;\"><span style=\"font-size: inherit;\">Com o aumento da procura crescente por testagem, tendo em vista o surgimento de novas variantes da Covid-19 e da epidemia da Influenza A, causada pelo subtipo H3N2, a Prefeitura de Caruaru, por meio da Secretaria de Sa\u00fade, optou pela retomada dos agendamentos para os atendimentos no Centro Municipal de Testagem Covid-19 (CMT).<\/span><\/p>\n<p style=\"text-align: justify;\">Atualmente, al\u00e9m do Centro de Testagem, o munic\u00edpio oferece o servi\u00e7o nas Unidades de Pronto Atendimento ( UPA) do Salgado, Vassoural e Rendeiras, al\u00e9m das Unidades B\u00e1sicas de Sa\u00fade (UBS), em livre demanda.<\/p>\n<p style=\"text-align: justify;\">De acordo com a secret\u00e1ria de Sa\u00fade de Caruaru, B\u00e1rbara Flor\u00eancio, a medida busca evitar filas e aglomera\u00e7\u00f5es, que podem aumentar o risco de propaga\u00e7\u00e3o da Covid e da Influenza.<\/p>\n<p style=\"text-align: justify;\">\u201cObservamos um aumento consider\u00e1vel na procura por testagem no CMT, chegando a formar filas do lado externo da unidade, enquanto as demais unidades que ofertam o servi\u00e7o est\u00e3o com baixa procura. Por isso, optamos por voltar a ofertar o servi\u00e7o no centro municipal, com hor\u00e1rio agendado\u201d, explicou a secret\u00e1ria.<\/p>\n<p style=\"text-align: justify;\">O Centro Municipal de Testagem para a Covid-19 funciona de segunda a sexta, das 8h \u00e0s 11h30 e das 13h \u00e0s 16h. Para realizar o atendimento, \u00e9 preciso levar RG, CPF, Cart\u00e3o do Sus e comprovante de resid\u00eancia. O agendamento est\u00e1 dispon\u00edvel no site www.testefacil.caruaru.pe.gov.br<\/p>\n<p style=\"text-align: justify;\">As UBS funcionam de segunda a sexta, das 7h30 \u00e0s 16h30, na zona urbana, e das 7h30 \u00e0s 15h30, na zona rural. J\u00e1 as tendas nas UPAs Rendeiras, Salgado e Vassoural est\u00e3o abertas todos os dias, at\u00e9 o dia 31\/01, das 8h \u00e0s 17h.<\/p>\n<p style=\"text-align: justify;\">Foto: Jana\u00edna Pepeu.<\/p>\n","protected":false},"excerpt":{"rendered":"<p>Com o aumento da procura crescente por testagem, tendo em vista o surgimento de novas variantes da Covid-19 e da&hellip;<\/p>\n","protected":false},"author":1,"featured_media":79418,"comment_status":"open","ping_status":"open","sticky":false,"template":"","format":"standard","meta":{"footnotes":""},"categories":[14120],"tags":[2,19532,3406,23816],"class_list":["post-79417","post","type-post","status-publish","format-standard","has-post-thumbnail","hentry","category-noticias","tag-blog-do-edvaldo-magalhaes","tag-blog-mais-acessado-e-visualizado-de-caruaru-e-regiao","tag-caruaru","tag-centro-municipal-de-testagem-volta-a-funcionar-por-agendamento-em-caruaru"],"_links":{"self":[{"href":"https:\/\/blogdoedvaldomagalhaes.com.br\/index.php\/wp-json\/wp\/v2\/posts\/79417","targetHints":{"allow":["GET"]}}],"collection":[{"href":"https:\/\/blogdoedvaldomagalhaes.com.br\/index.php\/wp-json\/wp\/v2\/posts"}],"about":[{"href":"https:\/\/blogdoedvaldomagalhaes.com.br\/index.php\/wp-json\/wp\/v2\/types\/post"}],"author":[{"embeddable":true,"href":"https:\/\/blogdoedvaldomagalhaes.com.br\/index.php\/wp-json\/wp\/v2\/users\/1"}],"replies":[{"embeddable":true,"href":"https:\/\/blogdoedvaldomagalhaes.com.br\/index.php\/wp-json\/wp\/v2\/comments?post=79417"}],"version-history":[{"count":1,"href":"https:\/\/blogdoedvaldomagalhaes.com.br\/index.php\/wp-json\/wp\/v2\/posts\/79417\/revisions"}],"predecessor-version":[{"id":79419,"href":"https:\/\/blogdoedvaldomagalhaes.com.br\/index.php\/wp-json\/wp\/v2\/posts\/79417\/revisions\/79419"}],"wp:featuredmedia":[{"embeddable":true,"href":"https:\/\/blogdoedvaldomagalhaes.com.br\/index.php\/wp-json\/wp\/v2\/media\/79418"}],"wp:attachment":[{"href":"https:\/\/blogdoedvaldomagalhaes.com.br\/index.php\/wp-json\/wp\/v2\/media?parent=79417"}],"wp:term":[{"taxonomy":"category","embeddable":true,"href":"https:\/\/blogdoedvaldomagalhaes.com.br\/index.php\/wp-json\/wp\/v2\/categories?post=79417"},{"taxonomy":"post_tag","embeddable":true,"href":"https:\/\/blogdoedvaldomagalhaes.com.br\/index.php\/wp-json\/wp\/v2\/tags?post=79417"}],"curies":[{"name":"wp","href":"https:\/\/api.w.org\/{rel}","templated":true}]}}