{"id":7939,"date":"2016-10-20T02:08:00","date_gmt":"2016-10-20T04:08:00","guid":{"rendered":"http:\/\/blogdoedvaldomagalhaes.com.br\/index.php\/2016\/10\/20\/raquel-lyra-recebe-apoio-de-liderancas\/"},"modified":"2019-02-09T01:03:27","modified_gmt":"2019-02-09T03:03:27","slug":"raquel-lyra-recebe-apoio-de-liderancas","status":"publish","type":"post","link":"https:\/\/blogdoedvaldomagalhaes.com.br\/index.php\/2016\/10\/20\/raquel-lyra-recebe-apoio-de-liderancas\/","title":{"rendered":"Raquel Lyra recebe apoio de lideran\u00e7as evang\u00e9licas"},"content":{"rendered":"<div class=\"separator\" style=\"clear: both; text-align: center;\">\n<a href=\"https:\/\/1.bp.blogspot.com\/-ZfcHaHKc7IU\/WAgmXkaMhSI\/AAAAAAAAIeA\/bXJPOL8jlbQvpX1siHpE5z6HRvoBlo_PgCLcB\/s1600\/raquel.jpg\" imageanchor=\"1\" style=\"margin-left: 1em; margin-right: 1em;\"><img loading=\"lazy\" decoding=\"async\" border=\"0\" height=\"262\" src=\"http:\/\/blogdoedvaldomagalhaes.com.br\/wp-content\/uploads\/2016\/10\/raquel-6.jpg\" width=\"400\" \/><\/a><\/div>\n<div style=\"background-color: white; border: 0px; color: #4b4b4b; font-family: &quot;Open Sans&quot;, sans-serif; font-size: 16px; margin-bottom: 1.5em; outline: 0px; padding: 0px; vertical-align: baseline;\">\n<\/div>\n<div style=\"background-color: white; border: 0px; margin-bottom: 1.5em; outline: 0px; padding: 0px; text-align: justify; vertical-align: baseline;\">\nA candidata a prefeita de Caruaru, Raquel Lyra (PSDB) promoveu um encontro com pastores e l\u00edderes evang\u00e9licos para debater sobre os rumos da cidade. O encontro foi realizado um hotel da cidade durante um caf\u00e9 da manh\u00e3, onde Raquel apresentou o Plano de Governo e escutou demandas dos evang\u00e9licos. Durante a conversa, a candidata falou da necessidade de uma pol\u00edtica participativa e de transpar\u00eancia, atrav\u00e9s do di\u00e1logo entre o poder p\u00fablico, a popula\u00e7\u00e3o e os diversos atores sociais empenhados em desenvolver mais seguran\u00e7a e justi\u00e7a social. Assuntos como Educa\u00e7\u00e3o, Sa\u00fade, Cultura e Infraestrutura tamb\u00e9m foram debatidos.<\/div>\n<div style=\"background-color: white; border: 0px; margin-bottom: 1.5em; outline: 0px; padding: 0px; text-align: justify; vertical-align: baseline;\">\n\u201cO trabalho que a comunidade evang\u00e9lica realiza de preven\u00e7\u00e3o \u00e0 viol\u00eancia e de combate \u00e0s drogas com a popula\u00e7\u00e3o \u00e9 de fundamental import\u00e2ncia, pois o Poder P\u00fablico n\u00e3o tem condi\u00e7\u00f5es de fazer nada sozinho. Essa foi uma manh\u00e3 de grande aprendizado, troca de informa\u00e7\u00f5es e da compreens\u00e3o de que a pol\u00edtica deve ser feita para todos e com muito di\u00e1logo\u201d, disse Raquel.<\/div>\n","protected":false},"excerpt":{"rendered":"<p>A candidata a prefeita de Caruaru, Raquel Lyra (PSDB) promoveu um encontro com pastores e l\u00edderes evang\u00e9licos para debater sobre&hellip;<\/p>\n","protected":false},"author":1,"featured_media":0,"comment_status":"open","ping_status":"open","sticky":false,"template":"","format":"standard","meta":{"footnotes":""},"categories":[1],"tags":[2,11431,1951,11637],"class_list":["post-7939","post","type-post","status-publish","format-standard","hentry","category-sem-categoria","tag-blog-do-edvaldo-magalhaes","tag-eleicoes-2016","tag-psdb","tag-raquel-lyra-recebe-apoio-de-liderancas-evangelicas"],"_links":{"self":[{"href":"https:\/\/blogdoedvaldomagalhaes.com.br\/index.php\/wp-json\/wp\/v2\/posts\/7939","targetHints":{"allow":["GET"]}}],"collection":[{"href":"https:\/\/blogdoedvaldomagalhaes.com.br\/index.php\/wp-json\/wp\/v2\/posts"}],"about":[{"href":"https:\/\/blogdoedvaldomagalhaes.com.br\/index.php\/wp-json\/wp\/v2\/types\/post"}],"author":[{"embeddable":true,"href":"https:\/\/blogdoedvaldomagalhaes.com.br\/index.php\/wp-json\/wp\/v2\/users\/1"}],"replies":[{"embeddable":true,"href":"https:\/\/blogdoedvaldomagalhaes.com.br\/index.php\/wp-json\/wp\/v2\/comments?post=7939"}],"version-history":[{"count":1,"href":"https:\/\/blogdoedvaldomagalhaes.com.br\/index.php\/wp-json\/wp\/v2\/posts\/7939\/revisions"}],"predecessor-version":[{"id":13414,"href":"https:\/\/blogdoedvaldomagalhaes.com.br\/index.php\/wp-json\/wp\/v2\/posts\/7939\/revisions\/13414"}],"wp:attachment":[{"href":"https:\/\/blogdoedvaldomagalhaes.com.br\/index.php\/wp-json\/wp\/v2\/media?parent=7939"}],"wp:term":[{"taxonomy":"category","embeddable":true,"href":"https:\/\/blogdoedvaldomagalhaes.com.br\/index.php\/wp-json\/wp\/v2\/categories?post=7939"},{"taxonomy":"post_tag","embeddable":true,"href":"https:\/\/blogdoedvaldomagalhaes.com.br\/index.php\/wp-json\/wp\/v2\/tags?post=7939"}],"curies":[{"name":"wp","href":"https:\/\/api.w.org\/{rel}","templated":true}]}}