{"id":79354,"date":"2022-01-14T12:58:39","date_gmt":"2022-01-14T15:58:39","guid":{"rendered":"https:\/\/blogdoedvaldomagalhaes.com.br\/?p=79354"},"modified":"2022-01-15T08:07:20","modified_gmt":"2022-01-15T11:07:20","slug":"identificadas-vitimas-de-acidente-que-causou-morte-de-jovem-em-caruaru","status":"publish","type":"post","link":"https:\/\/blogdoedvaldomagalhaes.com.br\/index.php\/2022\/01\/14\/identificadas-vitimas-de-acidente-que-causou-morte-de-jovem-em-caruaru\/","title":{"rendered":"Identificadas v\u00edtimas de acidente que causou morte de jovem em Caruaru"},"content":{"rendered":"<p style=\"text-align: justify;\"><span style=\"font-size: inherit;\">Um grave acidente de tr\u00e2nsito ocorreu por volta das 4 horas da madrugada desta sexta-feira (14), em Caruaru, deixando um jovem morto e quatro feridos. As v\u00edtimas estavam em um ve\u00edculo Fiat Uno branco, de placas KGO-0254-S\u00e3o Caitano. Segundo informa\u00e7\u00f5es, ap\u00f3s passar pelo sem\u00e1foro, o carro colidiu violentamente em um muro e o jovem Jos\u00e9 Nivaldo da Silva Filho, de 19 anos, que morava na rua Caracas, no bairro Cauic\u00e1, foi arremessado para fora do ve\u00edculo e morreu no local.<\/span><\/p>\n<p style=\"text-align: justify;\">As v\u00edtimas que ficaram feridas s\u00e3o: Maria Monique, de 15 anos; Graziele Ketine, de 18 anos, que moram no Bairro Agamenon Magalh\u00e3es; Pedro Henrique dos Santos, de 15 anos, que n\u00e3o teve o endere\u00e7o divulgado, Jos\u00e9 Ronaldo da Silva, de 25 anos, residente na rua Caracas, no bairro Cauic\u00e1, foram socorridos pelo SAMU, foram levados para o Hospital Regional do Agreste, onde deram entrada conscientes e n\u00e3o correm risco de morte.<\/p>\n<p style=\"text-align: justify;\">Ainda de acordo com informa\u00e7\u00f5es, as v\u00edtimas estavam bebendo e o rapaz que morreu estava de carona e possivelmente n\u00e3o estava usando o cinto de seguran\u00e7a.<\/p>\n\n\n<figure class=\"wp-block-image size-large\"><img loading=\"lazy\" decoding=\"async\" width=\"719\" height=\"721\" src=\"https:\/\/blogdoedvaldomagalhaes.com.br\/wp-content\/uploads\/2022\/01\/FB_IMG_1642211515054.jpg\" alt=\"\" class=\"wp-image-79370\" srcset=\"https:\/\/blogdoedvaldomagalhaes.com.br\/wp-content\/uploads\/2022\/01\/FB_IMG_1642211515054.jpg 719w, https:\/\/blogdoedvaldomagalhaes.com.br\/wp-content\/uploads\/2022\/01\/FB_IMG_1642211515054-300x300.jpg 300w, https:\/\/blogdoedvaldomagalhaes.com.br\/wp-content\/uploads\/2022\/01\/FB_IMG_1642211515054-150x150.jpg 150w\" sizes=\"auto, (max-width: 719px) 100vw, 719px\" \/><figcaption>Jose Nivaldo <\/figcaption><\/figure>\n\n\n\n<figure class=\"wp-block-image size-large\"><img loading=\"lazy\" decoding=\"async\" width=\"884\" height=\"483\" src=\"https:\/\/blogdoedvaldomagalhaes.com.br\/wp-content\/uploads\/2022\/01\/Screenshot_20220115-0802352.png\" alt=\"\" class=\"wp-image-79372\" srcset=\"https:\/\/blogdoedvaldomagalhaes.com.br\/wp-content\/uploads\/2022\/01\/Screenshot_20220115-0802352.png 884w, https:\/\/blogdoedvaldomagalhaes.com.br\/wp-content\/uploads\/2022\/01\/Screenshot_20220115-0802352-300x164.png 300w, https:\/\/blogdoedvaldomagalhaes.com.br\/wp-content\/uploads\/2022\/01\/Screenshot_20220115-0802352-768x420.png 768w\" sizes=\"auto, (max-width: 884px) 100vw, 884px\" \/><figcaption>Foto: Reprodu\u00e7\u00e3o\/WhatsApp<\/figcaption><\/figure>\n","protected":false},"excerpt":{"rendered":"<p>Um grave acidente de tr\u00e2nsito ocorreu por volta das 4 horas da madrugada desta sexta-feira (14), em Caruaru, deixando um&hellip;<\/p>\n","protected":false},"author":1,"featured_media":79355,"comment_status":"open","ping_status":"open","sticky":false,"template":"","format":"standard","meta":{"footnotes":""},"categories":[14120],"tags":[2,19532,3406,23804],"class_list":["post-79354","post","type-post","status-publish","format-standard","has-post-thumbnail","hentry","category-noticias","tag-blog-do-edvaldo-magalhaes","tag-blog-mais-acessado-e-visualizado-de-caruaru-e-regiao","tag-caruaru","tag-identificadas-vitimas-de-acidente-que-causou-morte-de-jovem-em-caruaru"],"_links":{"self":[{"href":"https:\/\/blogdoedvaldomagalhaes.com.br\/index.php\/wp-json\/wp\/v2\/posts\/79354","targetHints":{"allow":["GET"]}}],"collection":[{"href":"https:\/\/blogdoedvaldomagalhaes.com.br\/index.php\/wp-json\/wp\/v2\/posts"}],"about":[{"href":"https:\/\/blogdoedvaldomagalhaes.com.br\/index.php\/wp-json\/wp\/v2\/types\/post"}],"author":[{"embeddable":true,"href":"https:\/\/blogdoedvaldomagalhaes.com.br\/index.php\/wp-json\/wp\/v2\/users\/1"}],"replies":[{"embeddable":true,"href":"https:\/\/blogdoedvaldomagalhaes.com.br\/index.php\/wp-json\/wp\/v2\/comments?post=79354"}],"version-history":[{"count":5,"href":"https:\/\/blogdoedvaldomagalhaes.com.br\/index.php\/wp-json\/wp\/v2\/posts\/79354\/revisions"}],"predecessor-version":[{"id":79373,"href":"https:\/\/blogdoedvaldomagalhaes.com.br\/index.php\/wp-json\/wp\/v2\/posts\/79354\/revisions\/79373"}],"wp:featuredmedia":[{"embeddable":true,"href":"https:\/\/blogdoedvaldomagalhaes.com.br\/index.php\/wp-json\/wp\/v2\/media\/79355"}],"wp:attachment":[{"href":"https:\/\/blogdoedvaldomagalhaes.com.br\/index.php\/wp-json\/wp\/v2\/media?parent=79354"}],"wp:term":[{"taxonomy":"category","embeddable":true,"href":"https:\/\/blogdoedvaldomagalhaes.com.br\/index.php\/wp-json\/wp\/v2\/categories?post=79354"},{"taxonomy":"post_tag","embeddable":true,"href":"https:\/\/blogdoedvaldomagalhaes.com.br\/index.php\/wp-json\/wp\/v2\/tags?post=79354"}],"curies":[{"name":"wp","href":"https:\/\/api.w.org\/{rel}","templated":true}]}}