{"id":79351,"date":"2022-01-14T12:27:42","date_gmt":"2022-01-14T15:27:42","guid":{"rendered":"https:\/\/blogdoedvaldomagalhaes.com.br\/?p=79351"},"modified":"2022-01-14T12:27:43","modified_gmt":"2022-01-14T15:27:43","slug":"prefeitura-de-caruaru-abre-mais-de-500-vagas-de-emprego","status":"publish","type":"post","link":"https:\/\/blogdoedvaldomagalhaes.com.br\/index.php\/2022\/01\/14\/prefeitura-de-caruaru-abre-mais-de-500-vagas-de-emprego\/","title":{"rendered":"Prefeitura de Caruaru abre mais de 500 vagas de emprego"},"content":{"rendered":"<p style=\"text-align: justify;\"><span style=\"font-size: inherit;\">A Prefeitura de Caruaru, por meio da Secretaria de Administra\u00e7\u00e3o (SAD), divulga os processos seletivos que ser\u00e3o realizados para preencher postos de trabalho tempor\u00e1rios na Secretaria de Educa\u00e7\u00e3o e Esportes (Seduc). As ofertas de emprego correspondem a um total de 547, sendo 518 das vagas de ampla concorr\u00eancia e 29 direcionadas para pessoas com defici\u00eancia. Os selecionados atuar\u00e3o nas equipes de manuten\u00e7\u00e3o da Seduc.<\/span><\/p>\n<p style=\"text-align: justify;\">H\u00e1 vagas para auxiliar de educa\u00e7\u00e3o, num total de 245, sendo 13 delas para pessoas com defici\u00eancia; para servi\u00e7os gerais, 155 oportunidades; para merendeiras, 80, e para porteiros, e 67 postos de trabalho em aberto. Somando as tr\u00eas \u00faltimas fun\u00e7\u00f5es d\u00e1 um total de 16 vagas para pessoas com defici\u00eancia.<\/p>\n<p style=\"text-align: justify;\">As inscri\u00e7\u00f5es podem ser feitas desta segunda-feira (17) at\u00e9 o pr\u00f3ximo dia 21, por meio do portal https:\/\/www.selecoes.caruaru.pe.gov.br. De acordo com os editais, as sele\u00e7\u00f5es ser\u00e3o feitas atrav\u00e9s de an\u00e1lise curricular, bem como cada candidato s\u00f3 pode concorrer a uma vaga. J\u00e1 os resultados preliminares dos processos ser\u00e3o divulgados no mesmo site e no Di\u00e1rio Oficial do munic\u00edpio.<\/p>\n<p style=\"text-align: justify;\">Em caso de d\u00favidas, os candidatos podem enviar e-mail para o endere\u00e7o selecoespmc@gmail.com ou entrar em contato pelo telefone (81) 3721-8507 (Ramal 212), em hor\u00e1rio de atendimento, das 8h \u00e0s 13h.<\/p>\n<p style=\"text-align: justify;\">Fotos: Edmilson Tanaka\/Arquivo Prefeitura de Caruaru.<\/p>\n","protected":false},"excerpt":{"rendered":"<p>A Prefeitura de Caruaru, por meio da Secretaria de Administra\u00e7\u00e3o (SAD), divulga os processos seletivos que ser\u00e3o realizados para preencher&hellip;<\/p>\n","protected":false},"author":1,"featured_media":79352,"comment_status":"open","ping_status":"open","sticky":false,"template":"","format":"standard","meta":{"footnotes":""},"categories":[14120],"tags":[2,19532,3406,23803],"class_list":["post-79351","post","type-post","status-publish","format-standard","has-post-thumbnail","hentry","category-noticias","tag-blog-do-edvaldo-magalhaes","tag-blog-mais-acessado-e-visualizado-de-caruaru-e-regiao","tag-caruaru","tag-prefeitura-de-caruaru-abre-mais-de-500-vagas-de-emprego"],"_links":{"self":[{"href":"https:\/\/blogdoedvaldomagalhaes.com.br\/index.php\/wp-json\/wp\/v2\/posts\/79351","targetHints":{"allow":["GET"]}}],"collection":[{"href":"https:\/\/blogdoedvaldomagalhaes.com.br\/index.php\/wp-json\/wp\/v2\/posts"}],"about":[{"href":"https:\/\/blogdoedvaldomagalhaes.com.br\/index.php\/wp-json\/wp\/v2\/types\/post"}],"author":[{"embeddable":true,"href":"https:\/\/blogdoedvaldomagalhaes.com.br\/index.php\/wp-json\/wp\/v2\/users\/1"}],"replies":[{"embeddable":true,"href":"https:\/\/blogdoedvaldomagalhaes.com.br\/index.php\/wp-json\/wp\/v2\/comments?post=79351"}],"version-history":[{"count":1,"href":"https:\/\/blogdoedvaldomagalhaes.com.br\/index.php\/wp-json\/wp\/v2\/posts\/79351\/revisions"}],"predecessor-version":[{"id":79353,"href":"https:\/\/blogdoedvaldomagalhaes.com.br\/index.php\/wp-json\/wp\/v2\/posts\/79351\/revisions\/79353"}],"wp:featuredmedia":[{"embeddable":true,"href":"https:\/\/blogdoedvaldomagalhaes.com.br\/index.php\/wp-json\/wp\/v2\/media\/79352"}],"wp:attachment":[{"href":"https:\/\/blogdoedvaldomagalhaes.com.br\/index.php\/wp-json\/wp\/v2\/media?parent=79351"}],"wp:term":[{"taxonomy":"category","embeddable":true,"href":"https:\/\/blogdoedvaldomagalhaes.com.br\/index.php\/wp-json\/wp\/v2\/categories?post=79351"},{"taxonomy":"post_tag","embeddable":true,"href":"https:\/\/blogdoedvaldomagalhaes.com.br\/index.php\/wp-json\/wp\/v2\/tags?post=79351"}],"curies":[{"name":"wp","href":"https:\/\/api.w.org\/{rel}","templated":true}]}}