{"id":79348,"date":"2022-01-14T11:50:06","date_gmt":"2022-01-14T14:50:06","guid":{"rendered":"https:\/\/blogdoedvaldomagalhaes.com.br\/?p=79348"},"modified":"2022-01-14T11:50:07","modified_gmt":"2022-01-14T14:50:07","slug":"centro-de-vacinacao-no-espaco-cultural-encerra-atividades-nesta-sexta-14","status":"publish","type":"post","link":"https:\/\/blogdoedvaldomagalhaes.com.br\/index.php\/2022\/01\/14\/centro-de-vacinacao-no-espaco-cultural-encerra-atividades-nesta-sexta-14\/","title":{"rendered":"Centro de vacina\u00e7\u00e3o no Espa\u00e7o Cultural encerra atividades nesta sexta (14)"},"content":{"rendered":"<p style=\"text-align: justify;\"><span style=\"font-size: inherit;\">Todas as Unidades B\u00e1sicas de Sa\u00fade (UBS) de Caruaru, tanto da zona urbana, quanto da rural, j\u00e1 v\u00eam realizando a vacina\u00e7\u00e3o contra a Covid-19. Cada uma segue o seu cronograma, que estabelece um dia da semana para as unidades de porte 1 (com uma equipe) e dois dias da semana para as unidades de portes 2 e 3 (com duas ou tr\u00eas equipes). Essa medida visa evitar desperd\u00edcio do imunizante.<\/span><\/p>\n<p style=\"text-align: justify;\">Agora, sete unidades estar\u00e3o de portas abertas, diariamente, com demanda livre, para realizar a vacina\u00e7\u00e3o nos diferentes bairros. S\u00e3o elas: Centro de Sa\u00fade Boa Vista, Dr. Ant\u00f4nio Vieira, AME Maria Lira, Agamenon I e Encanto da Serra, Indian\u00f3polis I e II, Dem\u00f3stenes Veras e Novo Mundo e AME Pedro Justino.<\/p>\n<p style=\"text-align: justify;\">Nos fins de semana, a imuniza\u00e7\u00e3o acontecer\u00e1 na Via Parque, em frente ao INSS, sempre das 8h \u00e0s 18h. Nos demais dias da semana, o local oferece vacina\u00e7\u00e3o noturna, das 17h \u00e0s 20h.<\/p>\n<p style=\"text-align: justify;\">O Centro de Vacina\u00e7\u00e3o, localizado no Espa\u00e7o Cultural Tancredo Neves, encerra as atividades nesta sexta-feira (14).<\/p>\n<p style=\"text-align: justify;\">Unidade: Centro de Sa\u00fade Boa Vista<br \/>\nEndere\u00e7o: Rua Cabo, s\/n\u00b0 Cohab I<br \/>\nHor\u00e1rio: das 8h \u00e0s 12h e das 13h \u00e0s 16h<\/p>\n<p style=\"text-align: justify;\">Unidade: Dr. Ant\u00f4nio Vieira<br \/>\nEndere\u00e7o: Rua Presidente Artur Bernardes, s\/n\u00b0 Salgado<br \/>\nHor\u00e1rio: das 8h \u00e0s 12h e das 13h \u00e0s 16h<\/p>\n<p style=\"text-align: justify;\">Unidade: AME Maria Lira<br \/>\nEndere\u00e7o: Rua Francisco Maximiniano, n\u00b0 280, Rendeiras<br \/>\nHor\u00e1rio: das 8h \u00e0s 12h e das 13h \u00e0s 16h<\/p>\n<p style=\"text-align: justify;\">Unidade: Agamenon I e Encanto da Serra<br \/>\nEndere\u00e7o: Rua Marieta Cruz, s\/n\u00b0, Bairro Agamenon<br \/>\nHor\u00e1rio: das 8h \u00e0s 12h e das 13h \u00e0s 16h<\/p>\n<p style=\"text-align: justify;\">Unidade: Indian\u00f3polis I e II<br \/>\nEndere\u00e7o: Rua Monteiro Lobato, n\u00b0 480, Indian\u00f3polis<br \/>\nHor\u00e1rio: das 8h \u00e0s 12h e das 13h \u00e0s 16h<\/p>\n<p style=\"text-align: justify;\">Unidade: Dem\u00f3stenes Veras e Novo Mundo<br \/>\nEndere\u00e7o: Av. Recife, s\/n\u00b0 Lot. Demostenes Veras<br \/>\nHor\u00e1rio: das 8h \u00e0s 12h e das 13h \u00e0s 16h<\/p>\n<p style=\"text-align: justify;\">Unidade: AME Pedro Justino<br \/>\nEndere\u00e7o: Rua Joaquim Alves de Souza, s\/n\u00b0, Vila Kennedy<br \/>\nHor\u00e1rio: das 8h \u00e0s 12h e das 13h.<\/p>\n<p style=\"text-align: justify;\">Foti: Jana\u00edna Pepeu.<\/p>\n","protected":false},"excerpt":{"rendered":"<p>Todas as Unidades B\u00e1sicas de Sa\u00fade (UBS) de Caruaru, tanto da zona urbana, quanto da rural, j\u00e1 v\u00eam realizando a&hellip;<\/p>\n","protected":false},"author":1,"featured_media":79349,"comment_status":"open","ping_status":"open","sticky":false,"template":"","format":"standard","meta":{"footnotes":""},"categories":[14120],"tags":[2,19532,3406,23802],"class_list":["post-79348","post","type-post","status-publish","format-standard","has-post-thumbnail","hentry","category-noticias","tag-blog-do-edvaldo-magalhaes","tag-blog-mais-acessado-e-visualizado-de-caruaru-e-regiao","tag-caruaru","tag-centro-de-vacinacao-no-espaco-cultural-encerra-atividades-nesta-sexta-14"],"_links":{"self":[{"href":"https:\/\/blogdoedvaldomagalhaes.com.br\/index.php\/wp-json\/wp\/v2\/posts\/79348","targetHints":{"allow":["GET"]}}],"collection":[{"href":"https:\/\/blogdoedvaldomagalhaes.com.br\/index.php\/wp-json\/wp\/v2\/posts"}],"about":[{"href":"https:\/\/blogdoedvaldomagalhaes.com.br\/index.php\/wp-json\/wp\/v2\/types\/post"}],"author":[{"embeddable":true,"href":"https:\/\/blogdoedvaldomagalhaes.com.br\/index.php\/wp-json\/wp\/v2\/users\/1"}],"replies":[{"embeddable":true,"href":"https:\/\/blogdoedvaldomagalhaes.com.br\/index.php\/wp-json\/wp\/v2\/comments?post=79348"}],"version-history":[{"count":1,"href":"https:\/\/blogdoedvaldomagalhaes.com.br\/index.php\/wp-json\/wp\/v2\/posts\/79348\/revisions"}],"predecessor-version":[{"id":79350,"href":"https:\/\/blogdoedvaldomagalhaes.com.br\/index.php\/wp-json\/wp\/v2\/posts\/79348\/revisions\/79350"}],"wp:featuredmedia":[{"embeddable":true,"href":"https:\/\/blogdoedvaldomagalhaes.com.br\/index.php\/wp-json\/wp\/v2\/media\/79349"}],"wp:attachment":[{"href":"https:\/\/blogdoedvaldomagalhaes.com.br\/index.php\/wp-json\/wp\/v2\/media?parent=79348"}],"wp:term":[{"taxonomy":"category","embeddable":true,"href":"https:\/\/blogdoedvaldomagalhaes.com.br\/index.php\/wp-json\/wp\/v2\/categories?post=79348"},{"taxonomy":"post_tag","embeddable":true,"href":"https:\/\/blogdoedvaldomagalhaes.com.br\/index.php\/wp-json\/wp\/v2\/tags?post=79348"}],"curies":[{"name":"wp","href":"https:\/\/api.w.org\/{rel}","templated":true}]}}