{"id":79345,"date":"2022-01-14T11:15:59","date_gmt":"2022-01-14T14:15:59","guid":{"rendered":"https:\/\/blogdoedvaldomagalhaes.com.br\/?p=79345"},"modified":"2022-01-14T11:16:00","modified_gmt":"2022-01-14T14:16:00","slug":"anderson-correia-espera-investimento-em-infraestrutura-no-bairro-luiz-gonzaga-com-o-novo-finisa","status":"publish","type":"post","link":"https:\/\/blogdoedvaldomagalhaes.com.br\/index.php\/2022\/01\/14\/anderson-correia-espera-investimento-em-infraestrutura-no-bairro-luiz-gonzaga-com-o-novo-finisa\/","title":{"rendered":"Anderson Correia espera investimento em infraestrutura no bairro Luiz Gonzaga com o novo Finisa"},"content":{"rendered":"<p style=\"text-align: justify;\"><span style=\"font-size: inherit;\">Sempre atuante em buscas por melhorias em diversos bairros de Caruaru, o vereador Anderson Correia (PP) tem acompanhado de perto e cobrado mudan\u00e7as no Luiz Gonzaga, que tem s\u00e9rios problemas estruturais. Por isso, o parlamentar vem articulando obras no local e espera que, com a chegada do novo Financiamento \u00e0 Infraestrutura e ao Saneamento (Finisa), a comunidade que leva o nome do Rei do Bai\u00e3o seja contemplada com investimentos em suas ruas e estruturas gerais.<\/span><\/p>\n<p style=\"text-align: justify;\">\u201cTemos visto de perto, fiscalizando e cobrando melhorias para o bairro Luiz Gonzaga. \u00c9 um local que precisa de muita aten\u00e7\u00e3o do Poder P\u00fablico municipal, por ser um bairro que tem crescido muito e ainda tem muitas ruas a serem cal\u00e7adas, por exemplo. Estamos esperan\u00e7osos e articulando para que isso aconte\u00e7a com a chegada do novo Finisa, que dever\u00e1 mudar para melhor o cen\u00e1rio estrutural deste bairro\u201d, destacou o parlamentar.<\/p>\n<p style=\"text-align: justify;\">Ainda sobre o bairro, na primeira semana deste ano, Correia visitou o Parque Ambiental das Bara\u00fanas, localizado no Luiz Gonzaga, com o Secret\u00e1rio de Servi\u00e7os P\u00fablicos e Sustentabilidade de Caruaru, Ytalo Farias. Na ocasi\u00e3o, o parlamentar pediu melhorias para o parque, como a constru\u00e7\u00e3o de um Parc\u00e3o, a confec\u00e7\u00e3o de fardamento para os trabalhadores do local, reparos na ilumina\u00e7\u00e3o do parque, a constru\u00e7\u00e3o de uma quadra e a manuten\u00e7\u00e3o das partes hidr\u00e1ulica e el\u00e9trica dos banheiros.<\/p>\n","protected":false},"excerpt":{"rendered":"<p>Sempre atuante em buscas por melhorias em diversos bairros de Caruaru, o vereador Anderson Correia (PP) tem acompanhado de perto&hellip;<\/p>\n","protected":false},"author":1,"featured_media":79346,"comment_status":"open","ping_status":"open","sticky":false,"template":"","format":"standard","meta":{"footnotes":""},"categories":[14122],"tags":[23801,2,19532,3406],"class_list":["post-79345","post","type-post","status-publish","format-standard","has-post-thumbnail","hentry","category-politica","tag-anderson-correia-espera-investimento-em-infraestrutura-no-bairro-luiz-gonzaga-com-o-novo-finisa","tag-blog-do-edvaldo-magalhaes","tag-blog-mais-acessado-e-visualizado-de-caruaru-e-regiao","tag-caruaru"],"_links":{"self":[{"href":"https:\/\/blogdoedvaldomagalhaes.com.br\/index.php\/wp-json\/wp\/v2\/posts\/79345","targetHints":{"allow":["GET"]}}],"collection":[{"href":"https:\/\/blogdoedvaldomagalhaes.com.br\/index.php\/wp-json\/wp\/v2\/posts"}],"about":[{"href":"https:\/\/blogdoedvaldomagalhaes.com.br\/index.php\/wp-json\/wp\/v2\/types\/post"}],"author":[{"embeddable":true,"href":"https:\/\/blogdoedvaldomagalhaes.com.br\/index.php\/wp-json\/wp\/v2\/users\/1"}],"replies":[{"embeddable":true,"href":"https:\/\/blogdoedvaldomagalhaes.com.br\/index.php\/wp-json\/wp\/v2\/comments?post=79345"}],"version-history":[{"count":1,"href":"https:\/\/blogdoedvaldomagalhaes.com.br\/index.php\/wp-json\/wp\/v2\/posts\/79345\/revisions"}],"predecessor-version":[{"id":79347,"href":"https:\/\/blogdoedvaldomagalhaes.com.br\/index.php\/wp-json\/wp\/v2\/posts\/79345\/revisions\/79347"}],"wp:featuredmedia":[{"embeddable":true,"href":"https:\/\/blogdoedvaldomagalhaes.com.br\/index.php\/wp-json\/wp\/v2\/media\/79346"}],"wp:attachment":[{"href":"https:\/\/blogdoedvaldomagalhaes.com.br\/index.php\/wp-json\/wp\/v2\/media?parent=79345"}],"wp:term":[{"taxonomy":"category","embeddable":true,"href":"https:\/\/blogdoedvaldomagalhaes.com.br\/index.php\/wp-json\/wp\/v2\/categories?post=79345"},{"taxonomy":"post_tag","embeddable":true,"href":"https:\/\/blogdoedvaldomagalhaes.com.br\/index.php\/wp-json\/wp\/v2\/tags?post=79345"}],"curies":[{"name":"wp","href":"https:\/\/api.w.org\/{rel}","templated":true}]}}