{"id":79338,"date":"2022-01-13T21:04:17","date_gmt":"2022-01-14T00:04:17","guid":{"rendered":"https:\/\/blogdoedvaldomagalhaes.com.br\/?p=79338"},"modified":"2022-01-14T08:14:06","modified_gmt":"2022-01-14T11:14:06","slug":"vereador-mano-do-som-visita-bairros-de-caruaru-durante-recesso-parlamentar","status":"publish","type":"post","link":"https:\/\/blogdoedvaldomagalhaes.com.br\/index.php\/2022\/01\/13\/vereador-mano-do-som-visita-bairros-de-caruaru-durante-recesso-parlamentar\/","title":{"rendered":"Vereador Mano do Som visita bairros de Caruaru durante recesso parlamentar"},"content":{"rendered":"<p style=\"text-align: justify;\"><span style=\"font-size: inherit;\">A semana foi intensa para o Vereador Mano do som que est\u00e1 em seu primeiro mandato, mesmo em per\u00edodo de recesso da c\u00e2mara municipal de Caruaru, ele percorreu alguns bairros da cidade para ver de perto as necessidades da popula\u00e7\u00e3o, sentir de perto o que o povo sente ao morar em loteamentos e bairros com poucas estruturas habitacionais.<\/span><\/p>\n<p>&#8220;O mandato \u00e9 constru\u00eddo com o povo, no dia a dia, o recesso da c\u00e2mara me proporcionou um tempinho a mais para percorrer alguns bairros, conversar com a popula\u00e7\u00e3o, olhar de perto alguns problemas que os moradores vem enfrentando. A cada semana de trabalho continuo firmando o meu compromisso com o povo de que permanecerei firme no meu prop\u00f3sito de construir uma Caruaru cada vez melhor&#8221; disse o vereador.<\/p>\n<p style=\"text-align: justify;\">Alguns dos bairros visitados pelo vereador foi: Inocoop, Indian\u00f3polis, Nova Caruaru e vila Kennedy, na ocasi\u00e3o Mano do Som conversou com os moradores, andou pelas ruas dos bairros, tomando nota de todas as demandas existentes naquela localidade, o vereador tamb\u00e9m tirou algumas fotos de tampas de esgotos, postes danificados, pra\u00e7as que precisam ser restauradas, principalmente nos bairros mais distantes do centro da cidade.<\/p>\n\n\n<figure class=\"wp-block-image size-large\"><img loading=\"lazy\" decoding=\"async\" width=\"1024\" height=\"768\" src=\"https:\/\/blogdoedvaldomagalhaes.com.br\/wp-content\/uploads\/2022\/01\/IMG-20220113-WA0381-1024x768.jpg\" alt=\"\" class=\"wp-image-79340\" srcset=\"https:\/\/blogdoedvaldomagalhaes.com.br\/wp-content\/uploads\/2022\/01\/IMG-20220113-WA0381-1024x768.jpg 1024w, https:\/\/blogdoedvaldomagalhaes.com.br\/wp-content\/uploads\/2022\/01\/IMG-20220113-WA0381-300x225.jpg 300w, https:\/\/blogdoedvaldomagalhaes.com.br\/wp-content\/uploads\/2022\/01\/IMG-20220113-WA0381-768x576.jpg 768w, https:\/\/blogdoedvaldomagalhaes.com.br\/wp-content\/uploads\/2022\/01\/IMG-20220113-WA0381-1536x1152.jpg 1536w, https:\/\/blogdoedvaldomagalhaes.com.br\/wp-content\/uploads\/2022\/01\/IMG-20220113-WA0381-160x120.jpg 160w, https:\/\/blogdoedvaldomagalhaes.com.br\/wp-content\/uploads\/2022\/01\/IMG-20220113-WA0381.jpg 1600w\" sizes=\"auto, (max-width: 1024px) 100vw, 1024px\" \/><\/figure>\n\n\n\n<figure class=\"wp-block-image size-large\"><img loading=\"lazy\" decoding=\"async\" width=\"1024\" height=\"768\" src=\"https:\/\/blogdoedvaldomagalhaes.com.br\/wp-content\/uploads\/2022\/01\/IMG-20220113-WA0380-1024x768.jpg\" alt=\"\" class=\"wp-image-79341\" srcset=\"https:\/\/blogdoedvaldomagalhaes.com.br\/wp-content\/uploads\/2022\/01\/IMG-20220113-WA0380-1024x768.jpg 1024w, https:\/\/blogdoedvaldomagalhaes.com.br\/wp-content\/uploads\/2022\/01\/IMG-20220113-WA0380-300x225.jpg 300w, https:\/\/blogdoedvaldomagalhaes.com.br\/wp-content\/uploads\/2022\/01\/IMG-20220113-WA0380-768x576.jpg 768w, https:\/\/blogdoedvaldomagalhaes.com.br\/wp-content\/uploads\/2022\/01\/IMG-20220113-WA0380-1536x1152.jpg 1536w, https:\/\/blogdoedvaldomagalhaes.com.br\/wp-content\/uploads\/2022\/01\/IMG-20220113-WA0380-160x120.jpg 160w, https:\/\/blogdoedvaldomagalhaes.com.br\/wp-content\/uploads\/2022\/01\/IMG-20220113-WA0380.jpg 1600w\" sizes=\"auto, (max-width: 1024px) 100vw, 1024px\" \/><figcaption>Fotos: Divulga\u00e7\u00e3o <\/figcaption><\/figure>\n","protected":false},"excerpt":{"rendered":"<p>A semana foi intensa para o Vereador Mano do som que est\u00e1 em seu primeiro mandato, mesmo em per\u00edodo de&hellip;<\/p>\n","protected":false},"author":1,"featured_media":79339,"comment_status":"open","ping_status":"open","sticky":false,"template":"","format":"standard","meta":{"footnotes":""},"categories":[14122],"tags":[2,19532,3406,23800],"class_list":["post-79338","post","type-post","status-publish","format-standard","has-post-thumbnail","hentry","category-politica","tag-blog-do-edvaldo-magalhaes","tag-blog-mais-acessado-e-visualizado-de-caruaru-e-regiao","tag-caruaru","tag-vereador-mano-do-som-visita-bairros-de-caruaru-durante-recesso-parlamentar"],"_links":{"self":[{"href":"https:\/\/blogdoedvaldomagalhaes.com.br\/index.php\/wp-json\/wp\/v2\/posts\/79338","targetHints":{"allow":["GET"]}}],"collection":[{"href":"https:\/\/blogdoedvaldomagalhaes.com.br\/index.php\/wp-json\/wp\/v2\/posts"}],"about":[{"href":"https:\/\/blogdoedvaldomagalhaes.com.br\/index.php\/wp-json\/wp\/v2\/types\/post"}],"author":[{"embeddable":true,"href":"https:\/\/blogdoedvaldomagalhaes.com.br\/index.php\/wp-json\/wp\/v2\/users\/1"}],"replies":[{"embeddable":true,"href":"https:\/\/blogdoedvaldomagalhaes.com.br\/index.php\/wp-json\/wp\/v2\/comments?post=79338"}],"version-history":[{"count":2,"href":"https:\/\/blogdoedvaldomagalhaes.com.br\/index.php\/wp-json\/wp\/v2\/posts\/79338\/revisions"}],"predecessor-version":[{"id":79344,"href":"https:\/\/blogdoedvaldomagalhaes.com.br\/index.php\/wp-json\/wp\/v2\/posts\/79338\/revisions\/79344"}],"wp:featuredmedia":[{"embeddable":true,"href":"https:\/\/blogdoedvaldomagalhaes.com.br\/index.php\/wp-json\/wp\/v2\/media\/79339"}],"wp:attachment":[{"href":"https:\/\/blogdoedvaldomagalhaes.com.br\/index.php\/wp-json\/wp\/v2\/media?parent=79338"}],"wp:term":[{"taxonomy":"category","embeddable":true,"href":"https:\/\/blogdoedvaldomagalhaes.com.br\/index.php\/wp-json\/wp\/v2\/categories?post=79338"},{"taxonomy":"post_tag","embeddable":true,"href":"https:\/\/blogdoedvaldomagalhaes.com.br\/index.php\/wp-json\/wp\/v2\/tags?post=79338"}],"curies":[{"name":"wp","href":"https:\/\/api.w.org\/{rel}","templated":true}]}}