{"id":79330,"date":"2022-01-13T19:35:22","date_gmt":"2022-01-13T22:35:22","guid":{"rendered":"https:\/\/blogdoedvaldomagalhaes.com.br\/?p=79330"},"modified":"2022-01-13T19:56:59","modified_gmt":"2022-01-13T22:56:59","slug":"vereador-irmao-ronaldo-reivindica-melhorias-na-area-da-saude-e-agilizacao-nas-cirurgias-para-os-caruaruenses","status":"publish","type":"post","link":"https:\/\/blogdoedvaldomagalhaes.com.br\/index.php\/2022\/01\/13\/vereador-irmao-ronaldo-reivindica-melhorias-na-area-da-saude-e-agilizacao-nas-cirurgias-para-os-caruaruenses\/","title":{"rendered":"Vereador Irm\u00e3o Ronaldo reivindica melhorias na \u00e1rea da sa\u00fade e agiliza\u00e7\u00e3o nas cirurgias para os caruaruenses"},"content":{"rendered":"<p style=\"text-align: justify;\">O vereador Irm\u00e3o Ronaldo, esteve na manh\u00e3 desta quinta-feira (13), na Secretaria Municipal de Sa\u00fade, onde se reuniu com a chefe de gabinete, Nataly Barros, onde reivindicou melhorias na \u00e1rea da sa\u00fade e agiliza\u00e7\u00e3o das cirurgias para os caruaruenses.<\/p>\n<p style=\"text-align: justify;\"><b>PROJETOS DE LEI DE AUTORIA DO VEREADOR IRM\u00c3O RONALDO EM TRAMITA\u00c7\u00c3O AGUARDANDO PARECER DAS COMISS\u00d5ES E VOTA\u00c7\u00c3O PARA SE TORNAR LEI:<\/b><\/p>\n<p style=\"text-align: justify;\"><b>Projeto de Lei n\u00ba 8978\/2021<\/b><span style=\"font-weight: 400;\"> Institui o Projeto \u201cM\u00e3o Amiga\u201d para incentivar a participa\u00e7\u00e3o de volunt\u00e1rios no plantio de \u00e1rvores e flores em pra\u00e7as, canteiros, parques e bosques do munic\u00edpio de Caruaru.<\/span><\/p>\n<p style=\"text-align: justify;\"><b>Projeto de Lei n\u00ba 8934\/2021\u00a0\u00a0<\/b><\/p>\n<p style=\"text-align: justify;\"><span style=\"font-weight: 400;\">Institui, no Calend\u00e1rio Oficial de Eventos do Munic\u00edpio de Caruaru a Campanha \u201cCuida Bem de Mim\u201d, destinada a combater a viol\u00eancia e os maus-tratos contra crian\u00e7as e adolescentes.\u00a0<\/span><\/p>\n","protected":false},"excerpt":{"rendered":"<p>O vereador Irm\u00e3o Ronaldo, esteve na manh\u00e3 desta quinta-feira (13), na Secretaria Municipal de Sa\u00fade, onde se reuniu com a&hellip;<\/p>\n","protected":false},"author":1,"featured_media":79331,"comment_status":"open","ping_status":"open","sticky":false,"template":"","format":"standard","meta":{"footnotes":""},"categories":[14122],"tags":[2,19532,3406,23799],"class_list":["post-79330","post","type-post","status-publish","format-standard","has-post-thumbnail","hentry","category-politica","tag-blog-do-edvaldo-magalhaes","tag-blog-mais-acessado-e-visualizado-de-caruaru-e-regiao","tag-caruaru","tag-vereador-irmao-ronaldo-reivindica-melhorias-na-area-da-saude-e-agilizacao-nas-cirurgias-para-os-caruaruenses"],"_links":{"self":[{"href":"https:\/\/blogdoedvaldomagalhaes.com.br\/index.php\/wp-json\/wp\/v2\/posts\/79330","targetHints":{"allow":["GET"]}}],"collection":[{"href":"https:\/\/blogdoedvaldomagalhaes.com.br\/index.php\/wp-json\/wp\/v2\/posts"}],"about":[{"href":"https:\/\/blogdoedvaldomagalhaes.com.br\/index.php\/wp-json\/wp\/v2\/types\/post"}],"author":[{"embeddable":true,"href":"https:\/\/blogdoedvaldomagalhaes.com.br\/index.php\/wp-json\/wp\/v2\/users\/1"}],"replies":[{"embeddable":true,"href":"https:\/\/blogdoedvaldomagalhaes.com.br\/index.php\/wp-json\/wp\/v2\/comments?post=79330"}],"version-history":[{"count":4,"href":"https:\/\/blogdoedvaldomagalhaes.com.br\/index.php\/wp-json\/wp\/v2\/posts\/79330\/revisions"}],"predecessor-version":[{"id":79337,"href":"https:\/\/blogdoedvaldomagalhaes.com.br\/index.php\/wp-json\/wp\/v2\/posts\/79330\/revisions\/79337"}],"wp:featuredmedia":[{"embeddable":true,"href":"https:\/\/blogdoedvaldomagalhaes.com.br\/index.php\/wp-json\/wp\/v2\/media\/79331"}],"wp:attachment":[{"href":"https:\/\/blogdoedvaldomagalhaes.com.br\/index.php\/wp-json\/wp\/v2\/media?parent=79330"}],"wp:term":[{"taxonomy":"category","embeddable":true,"href":"https:\/\/blogdoedvaldomagalhaes.com.br\/index.php\/wp-json\/wp\/v2\/categories?post=79330"},{"taxonomy":"post_tag","embeddable":true,"href":"https:\/\/blogdoedvaldomagalhaes.com.br\/index.php\/wp-json\/wp\/v2\/tags?post=79330"}],"curies":[{"name":"wp","href":"https:\/\/api.w.org\/{rel}","templated":true}]}}