{"id":792,"date":"2018-11-06T20:36:00","date_gmt":"2018-11-06T22:36:00","guid":{"rendered":"http:\/\/blogdoedvaldomagalhaes.com.br\/index.php\/2018\/11\/06\/camara-de-caruaru-antecipa-ultima\/"},"modified":"2019-02-09T02:38:24","modified_gmt":"2019-02-09T04:38:24","slug":"camara-de-caruaru-antecipa-ultima","status":"publish","type":"post","link":"https:\/\/blogdoedvaldomagalhaes.com.br\/index.php\/2018\/11\/06\/camara-de-caruaru-antecipa-ultima\/","title":{"rendered":"C\u00e2mara de Caruaru antecipa \u00faltima parcela do 13\u00b0 sal\u00e1rio a servidores"},"content":{"rendered":"<div class=\"separator\" style=\"clear: both; text-align: center;\">\n<a href=\"https:\/\/4.bp.blogspot.com\/-FbRatp0yTiM\/W-H6cymQWqI\/AAAAAAAA9AY\/ua7xZviXScciux6MRMyoQasXtrorEZyOQCLcBGAs\/s1600\/IMG_20181106_172940433.jpg\" imageanchor=\"1\" style=\"margin-left: 1em; margin-right: 1em;\"><img loading=\"lazy\" decoding=\"async\" border=\"0\" data-original-height=\"1200\" data-original-width=\"1600\" height=\"480\" src=\"http:\/\/blogdoedvaldomagalhaes.com.br\/wp-content\/uploads\/2018\/11\/IMG_20181106_172940433.jpg\" width=\"640\" \/><\/a><\/div>\n<div style=\"text-align: justify;\">\n_Os servidores da Casa receberam a primeira parcela em junho deste ano_<\/p>\n<p>Nesta semana, os servidores efetivos e comissionados da C\u00e2mara Municipal de Caruaru j\u00e1 receberam a segunda parcela referente ao pagamento do d\u00e9cimo terceiro sal\u00e1rio. De acordo com o Presidente da Casa, vereador Lula T\u00f4rres (PSDB), isso s\u00f3 foi poss\u00edvel gra\u00e7as a redu\u00e7\u00e3o de gastos que a C\u00e2mara fez nos \u00faltimos dois anos.<\/p>\n<p>\u201cNos \u00faltimos dois anos a C\u00e2mara fez o poss\u00edvel para economizar o dinheiro p\u00fablico que administra. Entregamos pr\u00e9dios alugados para a Casa, entregamos um carro oficial alugado e outras a\u00e7\u00f5es. Sendo assim, conseguimos antecipar o pagamento do d\u00e9cimo terceiro para todos os servidores\u201d destaca.<\/p>\n<p>Usualmente, os servidores comissionados s\u00f3 seriam pagos em dezembro \u2013 os efetivos recebem o pagamento antecipado. A primeira parcela do d\u00e9cimo terceiro sal\u00e1rio foi paga no m\u00eas de junho.<\/p><\/div>\n","protected":false},"excerpt":{"rendered":"<p>_Os servidores da Casa receberam a primeira parcela em junho deste ano_ Nesta semana, os servidores efetivos e comissionados da&hellip;<\/p>\n","protected":false},"author":1,"featured_media":0,"comment_status":"open","ping_status":"open","sticky":false,"template":"","format":"standard","meta":{"footnotes":""},"categories":[1],"tags":[2,735,20],"class_list":["post-792","post","type-post","status-publish","format-standard","hentry","category-sem-categoria","tag-blog-do-edvaldo-magalhaes","tag-camara-de-caruaru-antecipa-ultima-parcela-do-13-salario-a-servidores","tag-politica"],"_links":{"self":[{"href":"https:\/\/blogdoedvaldomagalhaes.com.br\/index.php\/wp-json\/wp\/v2\/posts\/792","targetHints":{"allow":["GET"]}}],"collection":[{"href":"https:\/\/blogdoedvaldomagalhaes.com.br\/index.php\/wp-json\/wp\/v2\/posts"}],"about":[{"href":"https:\/\/blogdoedvaldomagalhaes.com.br\/index.php\/wp-json\/wp\/v2\/types\/post"}],"author":[{"embeddable":true,"href":"https:\/\/blogdoedvaldomagalhaes.com.br\/index.php\/wp-json\/wp\/v2\/users\/1"}],"replies":[{"embeddable":true,"href":"https:\/\/blogdoedvaldomagalhaes.com.br\/index.php\/wp-json\/wp\/v2\/comments?post=792"}],"version-history":[{"count":1,"href":"https:\/\/blogdoedvaldomagalhaes.com.br\/index.php\/wp-json\/wp\/v2\/posts\/792\/revisions"}],"predecessor-version":[{"id":35566,"href":"https:\/\/blogdoedvaldomagalhaes.com.br\/index.php\/wp-json\/wp\/v2\/posts\/792\/revisions\/35566"}],"wp:attachment":[{"href":"https:\/\/blogdoedvaldomagalhaes.com.br\/index.php\/wp-json\/wp\/v2\/media?parent=792"}],"wp:term":[{"taxonomy":"category","embeddable":true,"href":"https:\/\/blogdoedvaldomagalhaes.com.br\/index.php\/wp-json\/wp\/v2\/categories?post=792"},{"taxonomy":"post_tag","embeddable":true,"href":"https:\/\/blogdoedvaldomagalhaes.com.br\/index.php\/wp-json\/wp\/v2\/tags?post=792"}],"curies":[{"name":"wp","href":"https:\/\/api.w.org\/{rel}","templated":true}]}}