{"id":79170,"date":"2022-01-08T16:56:01","date_gmt":"2022-01-08T19:56:01","guid":{"rendered":"https:\/\/blogdoedvaldomagalhaes.com.br\/?p=79170"},"modified":"2022-01-08T20:34:27","modified_gmt":"2022-01-08T23:34:27","slug":"morre-motorista-da-prefeita-raquel-lyra-ao-ser-atingido-por-bala-perdida","status":"publish","type":"post","link":"https:\/\/blogdoedvaldomagalhaes.com.br\/index.php\/2022\/01\/08\/morre-motorista-da-prefeita-raquel-lyra-ao-ser-atingido-por-bala-perdida\/","title":{"rendered":"Morre motorista da prefeita Raquel Lyra, ao ser atingido por bala perdida"},"content":{"rendered":"<p style=\"text-align: justify;\"><span style=\"font-size: inherit;\">Neste s\u00e1bado (08), morreu no Recife, Glaucimario Carmo de Lima, de 58 anos, v\u00edtima de bala perdida. Segundo informa\u00e7\u00f5es da pol\u00edcia, houve uma troca de tiros entre policiais e bandidos e um dos disparos acertou o motorista, que estava de folga e podava uma \u00e1rvore. Ele era motorista da prefeita de Caruaru, Raquel Lyra, atuou na casa Militar, e tamb\u00e9m foi motorista do ex-governador Jo\u00e3o Lyra Neto.<\/span><\/p>\n<p style=\"text-align: justify;\">Nas redes sociais Raquel Lyra lamentou o fato e ressaltou as excelentes qualidades do colaborador, que com ela estava durante15 anos, e demonstrou todo apoio aos seus familiares.<\/p>\n<p style=\"text-align: justify;\">\u201cForam mais de 15 anos trabalhando juntos. Hoje, perco um companheiro de jornada, que fez parte do meu dia a dia, de minha fam\u00edlia e equipe. Sempre ali, ao meu lado, Glaucimario era sin\u00f4nimo de tranquilidade, responsabilidade e de boas hist\u00f3rias. Perdemos um amigo, um pai, esposo e av\u00f3, que falava com muito carinho de sua fam\u00edlia. Gratid\u00e3o por ter tido a sorte de compartilhar esses anos com voc\u00ea, amigo. Que Deus te receba com muita luz e que conforte o cora\u00e7\u00e3o de sua esposa Maria Jos\u00e9, seus filhos, Glaucio e B\u00e1rbara, netos e amigos&#8221;, afirmou Raquel Lyra.<\/p>\n","protected":false},"excerpt":{"rendered":"<p>Neste s\u00e1bado (08), morreu no Recife, Glaucimario Carmo de Lima, de 58 anos, v\u00edtima de bala perdida. Segundo informa\u00e7\u00f5es da&hellip;<\/p>\n","protected":false},"author":1,"featured_media":79171,"comment_status":"open","ping_status":"open","sticky":false,"template":"","format":"standard","meta":{"footnotes":""},"categories":[14120],"tags":[2,19532,3406,5448,23760],"class_list":["post-79170","post","type-post","status-publish","format-standard","has-post-thumbnail","hentry","category-noticias","tag-blog-do-edvaldo-magalhaes","tag-blog-mais-acessado-e-visualizado-de-caruaru-e-regiao","tag-caruaru","tag-homicidio","tag-morre-motorista-da-prefeita-raquel-lyra-ao-ser-atingido-por-bala-perdida"],"_links":{"self":[{"href":"https:\/\/blogdoedvaldomagalhaes.com.br\/index.php\/wp-json\/wp\/v2\/posts\/79170","targetHints":{"allow":["GET"]}}],"collection":[{"href":"https:\/\/blogdoedvaldomagalhaes.com.br\/index.php\/wp-json\/wp\/v2\/posts"}],"about":[{"href":"https:\/\/blogdoedvaldomagalhaes.com.br\/index.php\/wp-json\/wp\/v2\/types\/post"}],"author":[{"embeddable":true,"href":"https:\/\/blogdoedvaldomagalhaes.com.br\/index.php\/wp-json\/wp\/v2\/users\/1"}],"replies":[{"embeddable":true,"href":"https:\/\/blogdoedvaldomagalhaes.com.br\/index.php\/wp-json\/wp\/v2\/comments?post=79170"}],"version-history":[{"count":2,"href":"https:\/\/blogdoedvaldomagalhaes.com.br\/index.php\/wp-json\/wp\/v2\/posts\/79170\/revisions"}],"predecessor-version":[{"id":79174,"href":"https:\/\/blogdoedvaldomagalhaes.com.br\/index.php\/wp-json\/wp\/v2\/posts\/79170\/revisions\/79174"}],"wp:featuredmedia":[{"embeddable":true,"href":"https:\/\/blogdoedvaldomagalhaes.com.br\/index.php\/wp-json\/wp\/v2\/media\/79171"}],"wp:attachment":[{"href":"https:\/\/blogdoedvaldomagalhaes.com.br\/index.php\/wp-json\/wp\/v2\/media?parent=79170"}],"wp:term":[{"taxonomy":"category","embeddable":true,"href":"https:\/\/blogdoedvaldomagalhaes.com.br\/index.php\/wp-json\/wp\/v2\/categories?post=79170"},{"taxonomy":"post_tag","embeddable":true,"href":"https:\/\/blogdoedvaldomagalhaes.com.br\/index.php\/wp-json\/wp\/v2\/tags?post=79170"}],"curies":[{"name":"wp","href":"https:\/\/api.w.org\/{rel}","templated":true}]}}