{"id":79166,"date":"2022-01-08T09:48:56","date_gmt":"2022-01-08T12:48:56","guid":{"rendered":"https:\/\/blogdoedvaldomagalhaes.com.br\/?p=79166"},"modified":"2022-01-08T09:48:57","modified_gmt":"2022-01-08T12:48:57","slug":"secretaria-da-fazenda-de-caruaru-iniciara-a-entrega-dos-carnes-do-iptu-2022","status":"publish","type":"post","link":"https:\/\/blogdoedvaldomagalhaes.com.br\/index.php\/2022\/01\/08\/secretaria-da-fazenda-de-caruaru-iniciara-a-entrega-dos-carnes-do-iptu-2022\/","title":{"rendered":"Secretaria da Fazenda de Caruaru iniciar\u00e1 a entrega dos carn\u00eas do IPTU 2022"},"content":{"rendered":"<p style=\"text-align: justify;\"><span style=\"font-size: inherit;\">A Secretaria da Fazenda, iniciar\u00e1, na segunda-feira (17), a entrega dos carn\u00eas do IPTU 2022. O contribuinte, que desejar pagar em cota \u00fanica at\u00e9 o dia 31 de janeiro, ter\u00e1 um desconto de 15% sobre o valor do imposto.<\/span><\/p>\n<p style=\"text-align: justify;\">Para quem n\u00e3o receber os boletos na resid\u00eancia, basta se dirigir ao Centro Administrativo, localizado na Av. Rio Branco, 315, Centro, ou pode retir\u00e1-los tamb\u00e9m pela internet, por meio do site www.portaldocontribuinte.caruaru.pe.gov.br.<\/p>\n<p style=\"text-align: justify;\">&#8220;A primeira parcela do IPTU, ou a cota \u00fanica, ter\u00e1 vencimento no dia 31 de janeiro e o pagamento poder\u00e1 ser realizado em casas lot\u00e9ricas, na Caixa Econ\u00f4mica Federal, no Banco do Brasil ou na tesouraria da prefeitura, que tamb\u00e9m funciona no Centro Administrativo, de segunda a sexta, das 7h \u00e0s 13h&#8221;, explicou Simone Nunes, secret\u00e1ria da Fazenda do munic\u00edpio.<\/p>\n<p style=\"text-align: justify;\">Para o IPTU de 2022, observando o disposto no artigo 506 do C\u00f3digo Tribut\u00e1rio Municipal (CTM), houve como regra geral uma atualiza\u00e7\u00e3o pelo IPCA, acumulado nos 12 meses, com refer\u00eancia a outubro de 2021 (11,62%). A Unidade Fiscal do Munic\u00edpio (UFM), atualizada pelo mesmo \u00edndice, foi calculada no valor de R$ 3,20 para o exerc\u00edcio de 2022.<\/p>\n<p style=\"text-align: justify;\">&#8220;Considerando o \u00edndice de atualiza\u00e7\u00e3o apurado para o exerc\u00edcio de 2022, que ficou em 11,62% (IPCA-IBGE), a prefeitura optou por aumentar para 15% o percentual de desconto aplicado para o pagamento em cota \u00fanica (que usualmente era de 10%), como forma de mitigar o impacto causado pela alta do IPCA, e oferecer a possibilidade de diminui\u00e7\u00e3o real no valor do imposto para os contribuintes que optarem pelo pagamento com a cota \u00fanica&#8221;, ressaltou Simone. O calend\u00e1rio fiscal para o IPTU ter\u00e1 dez parcelas.<\/p>\n<p style=\"text-align: justify;\">O IPTU possui como base de c\u00e1lculo o valor venal do im\u00f3vel, conforme disposto no art. 301, sendo aplicada a al\u00edquota devida, que varia a depender do uso do im\u00f3vel, conforme disposto no art. 308, ambos do CTM.<\/p>\n","protected":false},"excerpt":{"rendered":"<p>A Secretaria da Fazenda, iniciar\u00e1, na segunda-feira (17), a entrega dos carn\u00eas do IPTU 2022. O contribuinte, que desejar pagar&hellip;<\/p>\n","protected":false},"author":1,"featured_media":79167,"comment_status":"open","ping_status":"open","sticky":false,"template":"","format":"standard","meta":{"footnotes":""},"categories":[14120],"tags":[2,19532,3406,23759],"class_list":["post-79166","post","type-post","status-publish","format-standard","has-post-thumbnail","hentry","category-noticias","tag-blog-do-edvaldo-magalhaes","tag-blog-mais-acessado-e-visualizado-de-caruaru-e-regiao","tag-caruaru","tag-secretaria-da-fazenda-de-caruaru-iniciara-a-entrega-dos-carnes-do-iptu-2022"],"_links":{"self":[{"href":"https:\/\/blogdoedvaldomagalhaes.com.br\/index.php\/wp-json\/wp\/v2\/posts\/79166","targetHints":{"allow":["GET"]}}],"collection":[{"href":"https:\/\/blogdoedvaldomagalhaes.com.br\/index.php\/wp-json\/wp\/v2\/posts"}],"about":[{"href":"https:\/\/blogdoedvaldomagalhaes.com.br\/index.php\/wp-json\/wp\/v2\/types\/post"}],"author":[{"embeddable":true,"href":"https:\/\/blogdoedvaldomagalhaes.com.br\/index.php\/wp-json\/wp\/v2\/users\/1"}],"replies":[{"embeddable":true,"href":"https:\/\/blogdoedvaldomagalhaes.com.br\/index.php\/wp-json\/wp\/v2\/comments?post=79166"}],"version-history":[{"count":1,"href":"https:\/\/blogdoedvaldomagalhaes.com.br\/index.php\/wp-json\/wp\/v2\/posts\/79166\/revisions"}],"predecessor-version":[{"id":79168,"href":"https:\/\/blogdoedvaldomagalhaes.com.br\/index.php\/wp-json\/wp\/v2\/posts\/79166\/revisions\/79168"}],"wp:featuredmedia":[{"embeddable":true,"href":"https:\/\/blogdoedvaldomagalhaes.com.br\/index.php\/wp-json\/wp\/v2\/media\/79167"}],"wp:attachment":[{"href":"https:\/\/blogdoedvaldomagalhaes.com.br\/index.php\/wp-json\/wp\/v2\/media?parent=79166"}],"wp:term":[{"taxonomy":"category","embeddable":true,"href":"https:\/\/blogdoedvaldomagalhaes.com.br\/index.php\/wp-json\/wp\/v2\/categories?post=79166"},{"taxonomy":"post_tag","embeddable":true,"href":"https:\/\/blogdoedvaldomagalhaes.com.br\/index.php\/wp-json\/wp\/v2\/tags?post=79166"}],"curies":[{"name":"wp","href":"https:\/\/api.w.org\/{rel}","templated":true}]}}