{"id":79163,"date":"2022-01-08T09:30:23","date_gmt":"2022-01-08T12:30:23","guid":{"rendered":"https:\/\/blogdoedvaldomagalhaes.com.br\/?p=79163"},"modified":"2022-01-08T09:30:25","modified_gmt":"2022-01-08T12:30:25","slug":"praia-dos-carneiros-recebe-acao-integrada-do-governo-pe-de-conscientizacao-sobre-cuidados-com-meio-ambiente","status":"publish","type":"post","link":"https:\/\/blogdoedvaldomagalhaes.com.br\/index.php\/2022\/01\/08\/praia-dos-carneiros-recebe-acao-integrada-do-governo-pe-de-conscientizacao-sobre-cuidados-com-meio-ambiente\/","title":{"rendered":"Praia dos Carneiros recebe a\u00e7\u00e3o integrada do Governo-PE de conscientiza\u00e7\u00e3o sobre cuidados com meio ambiente"},"content":{"rendered":"<p style=\"text-align: justify;\">O Governo do Estado realiza um trabalho integrado, neste s\u00e1bado, relacionado ao ordenamento urbano da \u00e1rea de Zoneamento Ambiental e Territorial das Atividades N\u00e1uticas (Zatan) da regi\u00e3o do estu\u00e1rio do Rio Formoso, na \u00c1rea de Prote\u00e7\u00e3o Ambiental (APA) de Guadalupe, no Litoral Sul. Intitulada \u201cA\u00e7\u00e3o Bora Pernambucar &#8211; Praia\u201d, a iniciativa busca conscientizar visitantes, moradores e empres\u00e1rios da regi\u00e3o da Praia dos Carneiros, em Tamandar\u00e9, sobre cuidados com o meio ambiente local e tamb\u00e9m a legisla\u00e7\u00e3o vigente para o turismo n\u00e1utico, polui\u00e7\u00e3o sonora e a manipula\u00e7\u00e3o de alimentos na orla, entre outros pontos.<\/p>\n<p>O trabalho tem o car\u00e1ter educativo e \u00e9 realizado em conjunto pela Secretaria de Turismo e Lazer de Pernambuco, Empetur, Secretaria de Defesa Social de Pernambuco, Secretaria Estadual de Meio Ambiente e Sustentabilidade, Ag\u00eancia Estadual de Meio Ambiente (CPRH), Secretaria Estadual de Sa\u00fade, Capitania dos Portos e a Prefeitura de Tamandar\u00e9.<\/p>\n<p>\u201cCarneiros \u00e9 um destino lindo, que atrai milhares de turistas o ano inteiro, mas que precisa de muita aten\u00e7\u00e3o. Desde 2021, temos acompanhado, pela Secretaria de Turismo e Lazer, e pela Empetur, as discuss\u00f5es relacionadas \u00e0 Zatan, que busca preservar esta parte t\u00e3o rica em beleza e natureza, que \u00e9 o estu\u00e1rio do Rio Formoso. Esta a\u00e7\u00e3o conjunta de v\u00e1rios \u00f3rg\u00e3os e secretarias do Governo do Estado \u00e9 um primeiro passo importante para que possamos atuar no sentido de auxiliar no ordenamento da regi\u00e3o, que se consolida como uma das principais do turismo do Estado\u201d, destaca o secret\u00e1rio de Turismo e Lazer, Rodrigo Novaes.<\/p>\n<p>Na ocasi\u00e3o, uma unidade do Pernambulando, o centro de atendimento ao turista m\u00f3vel, ficar\u00e1 em frente \u00e0 Capela de S\u00e3o Benedito, a famosa Igrejinha de Carneiros, distribuindo o Passaporte Pernambuco e adesivos da A\u00e7\u00e3o Bora Pernambucar &#8211; Praia.<\/p>\n<p>ORIENTA\u00c7\u00d5ES<\/p>\n<p>O foco da a\u00e7\u00e3o atual \u00e9 orientar os banhistas, barqueiros e comerciantes em geral da regi\u00e3o sobre pr\u00e1ticas que ferem a legisla\u00e7\u00e3o vigente quanto \u00e0 conviv\u00eancia social saud\u00e1vel e \u00e0 preserva\u00e7\u00e3o do ecossistema local.<\/p>\n<p>Para o secret\u00e1rio de Meio Ambiente e Sustentabilidade, Jos\u00e9 Bertotti, uma a\u00e7\u00e3o integrada como esta \u00e9 muito importante para garantir a prote\u00e7\u00e3o do ecossistema do Litoral Sul. \u201cO litoral pernambucano \u00e9 conhecido por suas belezas naturais, e o Litoral Sul, especificamente, na \u00e1rea de Carneiros, tem a prote\u00e7\u00e3o ambiental de Guadalupe. Um estu\u00e1rio que conta com tr\u00eas rios: Formoso, Ariquind\u00e1 e Rio dos Passos. O encontro do mar com o mangue forma um cen\u00e1rio que tem atra\u00eddo os turistas para este que \u00e9 um dos pontos mais encantadores do litoral pernambucano. \u00c9 exatamente com o intuito da preserva\u00e7\u00e3o ambiental, do cuidado com este patrim\u00f4nio natural, que esta a\u00e7\u00e3o ser\u00e1 realizada, de maneira a orientar os turistas, para que esse ambiente se mantenha preservado e continue sendo um patrim\u00f4nio natural, garantindo aos moradores e aos turistas o contato com a natureza de forma saud\u00e1vel e acess\u00edvel\u201d.<\/p>\n<p>Entre as orienta\u00e7\u00f5es que ser\u00e3o fornecidas est\u00e3o a proibi\u00e7\u00e3o de circula\u00e7\u00e3o de ve\u00edculos automotores e de tra\u00e7\u00e3o animal na faixa de areia; necessidade de autoriza\u00e7\u00e3o pr\u00e9via para realiza\u00e7\u00e3o de eventos n\u00e1uticos; normas sanit\u00e1rias para o com\u00e9rcio ambulante e com\u00e9rcio em geral na orla, e ainda combate \u00e0 polui\u00e7\u00e3o sonora nas embarca\u00e7\u00f5es e na faixa de areia. Equipe com dez profissionais do CPRH e mais cinco da Secretaria de Sa\u00fade tamb\u00e9m participam.<\/p>\n<p>A Secretaria de Defesa Social, por meio da Pol\u00edcia Militar, refor\u00e7ar\u00e1 a fiscaliza\u00e7\u00e3o na reig\u00e3o. Tr\u00eas policiais atuar\u00e3o na faixa de areia e mais tr\u00eas estar\u00e3o motorizados cobrindo a \u00e1rea. Haver\u00e1 ainda uma viatura dando suporte nas vias locais. \u201cNosso papel ser\u00e1 sempre o de orientar, conscientizar e prevenir ocorr\u00eancias. Atuaremos, em conjunto com os agentes municipais e estaduais, para que o turista, os trabalhadores e veranistas em geral curtam as belezas naturais em paz, aliando tranquilidade, respeito ao pr\u00f3ximo e \u00e0s normas sanit\u00e1rias. Buscaremos sempre o di\u00e1logo, mas, em caso de desrespeito e desacato, seremos firmes no cumprimento da lei\u201d, afirma o major Bastos, comandante da 10\u00aa Companhia Independente da Pol\u00edcia Militar de Pernambuco, respons\u00e1vel pelo policiamento ostensivo nesse territ\u00f3rio do Litoral Sul do Estado.<\/p>\n","protected":false},"excerpt":{"rendered":"<p>O Governo do Estado realiza um trabalho integrado, neste s\u00e1bado, relacionado ao ordenamento urbano da \u00e1rea de Zoneamento Ambiental e&hellip;<\/p>\n","protected":false},"author":1,"featured_media":79164,"comment_status":"open","ping_status":"open","sticky":false,"template":"","format":"standard","meta":{"footnotes":""},"categories":[14120],"tags":[2,19532,3406,23758],"class_list":["post-79163","post","type-post","status-publish","format-standard","has-post-thumbnail","hentry","category-noticias","tag-blog-do-edvaldo-magalhaes","tag-blog-mais-acessado-e-visualizado-de-caruaru-e-regiao","tag-caruaru","tag-praia-dos-carneiros-recebe-acao-integrada-do-governo-pe-de-conscientizacao-sobre-cuidados-com-meio-ambiente"],"_links":{"self":[{"href":"https:\/\/blogdoedvaldomagalhaes.com.br\/index.php\/wp-json\/wp\/v2\/posts\/79163","targetHints":{"allow":["GET"]}}],"collection":[{"href":"https:\/\/blogdoedvaldomagalhaes.com.br\/index.php\/wp-json\/wp\/v2\/posts"}],"about":[{"href":"https:\/\/blogdoedvaldomagalhaes.com.br\/index.php\/wp-json\/wp\/v2\/types\/post"}],"author":[{"embeddable":true,"href":"https:\/\/blogdoedvaldomagalhaes.com.br\/index.php\/wp-json\/wp\/v2\/users\/1"}],"replies":[{"embeddable":true,"href":"https:\/\/blogdoedvaldomagalhaes.com.br\/index.php\/wp-json\/wp\/v2\/comments?post=79163"}],"version-history":[{"count":1,"href":"https:\/\/blogdoedvaldomagalhaes.com.br\/index.php\/wp-json\/wp\/v2\/posts\/79163\/revisions"}],"predecessor-version":[{"id":79165,"href":"https:\/\/blogdoedvaldomagalhaes.com.br\/index.php\/wp-json\/wp\/v2\/posts\/79163\/revisions\/79165"}],"wp:featuredmedia":[{"embeddable":true,"href":"https:\/\/blogdoedvaldomagalhaes.com.br\/index.php\/wp-json\/wp\/v2\/media\/79164"}],"wp:attachment":[{"href":"https:\/\/blogdoedvaldomagalhaes.com.br\/index.php\/wp-json\/wp\/v2\/media?parent=79163"}],"wp:term":[{"taxonomy":"category","embeddable":true,"href":"https:\/\/blogdoedvaldomagalhaes.com.br\/index.php\/wp-json\/wp\/v2\/categories?post=79163"},{"taxonomy":"post_tag","embeddable":true,"href":"https:\/\/blogdoedvaldomagalhaes.com.br\/index.php\/wp-json\/wp\/v2\/tags?post=79163"}],"curies":[{"name":"wp","href":"https:\/\/api.w.org\/{rel}","templated":true}]}}