{"id":79152,"date":"2022-01-07T20:53:32","date_gmt":"2022-01-07T23:53:32","guid":{"rendered":"https:\/\/blogdoedvaldomagalhaes.com.br\/?p=79152"},"modified":"2022-01-07T21:39:58","modified_gmt":"2022-01-08T00:39:58","slug":"variante-omicron-esta-em-circulacao-em-pernambuco","status":"publish","type":"post","link":"https:\/\/blogdoedvaldomagalhaes.com.br\/index.php\/2022\/01\/07\/variante-omicron-esta-em-circulacao-em-pernambuco\/","title":{"rendered":"Variante \u00d4micron est\u00e1 em circula\u00e7\u00e3o em Pernambuco"},"content":{"rendered":"<p style=\"text-align: justify;\"><span style=\"font-family: verdana, sans-serif;\">A Secretaria Estadual de Sa\u00fade (SES-PE) detectou, nesta sexta-feira (07\/01, a circula\u00e7\u00e3o da variante \u00d4micron da Covid-19 em territ\u00f3rio pernambucano. A confirma\u00e7\u00e3o veio a partir da an\u00e1lise feita pelo Instituto Aggeu Magalh\u00e3es (IAM\/Fiocruz PE) de material biol\u00f3gico de pacientes confirmados para a doen\u00e7a. Ao todo, de 80 amostras, coletadas do final de novembro at\u00e9 dezembro, em 21 delas (26%) foi detectada a linhagem \u00d4micron. Os pacientes, que realizaram testagem entre 15 e 31 de dezembro, s\u00e3o da Regi\u00e3o Metropolitana do Recife (RMR), Agreste e Sert\u00e3o do S\u00e3o Francisco, al\u00e9m de Fernando de Noronha. N\u00e3o h\u00e1 registro de \u00f3bito. Nas outras 59 (73%) amostras foi detectada a Delta.<\/span><\/p>\n<p style=\"text-align: justify;\">&#8220;A introdu\u00e7\u00e3o desta variante nos traz uma preocupa\u00e7\u00e3o adicional por conta do seu maior potencial de contamina\u00e7\u00e3o. \u00c9 preciso, ent\u00e3o, que todos tenham consci\u00eancia que a Covid-19 ainda \u00e9 uma amea\u00e7a e que nossa principal aliada para a prote\u00e7\u00e3o da vida s\u00e3o as vacinas. Contra a \u00d4micron, ter apenas 1 dose \u00e9 o mesmo que estar desprotegido. Precisamos de ao menos 2 doses, mas ainda temos mais de 500 mil pessoas com esta 2\u00aa dose em atraso, e, portanto, com risco agravado de contrair a forma grave da Covid-19&#8221;, afirma o secret\u00e1rio estadual de Sa\u00fade, Andr\u00e9 Longo.<\/p>\n<p style=\"text-align: justify;\">O gestor ainda refor\u00e7a a import\u00e2ncia da dose de refor\u00e7o, principalmente em idosos e pessoas com doen\u00e7as pr\u00e9-existentes. &#8220;Alguns meses ap\u00f3s as duas primeiras doses, h\u00e1 uma queda de n\u00edvel dos anticorpos e, assim, a prote\u00e7\u00e3o fica prejudicada. Esta terceira dose vem para proporcionar o aumento da quantidade de anticorpos no organismo, aumentando a prote\u00e7\u00e3o e reduzindo a chance de cada pessoa se infectar ou se reinfectar. Aqui em Pernambuco, 40% dos idosos que tomaram as duas primeiras doses ainda precisam tomar esta dose de refor\u00e7o para ter uma prote\u00e7\u00e3o mais robusta contra a variante \u00d4micron. As vacinas s\u00e3o seguras, eficazes e evitam mortes&#8221;, frisou Longo, lembrando que os imunossuprimidos graves t\u00eam o esquema b\u00e1sico com tr\u00eas doses mais uma de refor\u00e7o.<\/p>\n<p style=\"text-align: justify;\">Os casos de \u00d4micron foram registrados em pessoas do Recife (14) e Jaboat\u00e3o dos Guararapes (1), na RMR; Caruaru (1), Frei Miguelinho (1) e Garanhuns (1), no Agreste; Lagoa Grande (1) e Petrolina (1), no Sert\u00e3o do S\u00e3o Francisco; e Fernando de Noronha (1). Os pacientes tinham entre 1 e 67 anos. As faixas et\u00e1rias s\u00e3o: 0 a 9 (3), 20 a 29 (3), 30 a 39 (4), 40 a 49 (6), 50 a 59 (2) e 60 e mais (3). De acordo com an\u00e1lises de sistemas de informa\u00e7\u00e3o, apenas 1 caso (homem, 67 anos, de Lagoa Grande, vacinado com duas doses) precisou de interna\u00e7\u00e3o em leito de enfermaria, mas j\u00e1 recebeu alta.<\/p>\n<p style=\"text-align: justify;\"><b>INFLUENZA &#8211;\u00a0<\/b>O secret\u00e1rio Andr\u00e9 Longo tamb\u00e9m lembrou que, atualmente, al\u00e9m do v\u00edrus da Covid-19, est\u00e1 ocorrendo a circula\u00e7\u00e3o da influenza, principalmente o subtipo A (H3N2). Esse fato s\u00f3 ratifica a import\u00e2ncia dos cuidados para evitar a contamina\u00e7\u00e3o por v\u00edrus de transmiss\u00e3o respirat\u00f3ria. &#8220;A introdu\u00e7\u00e3o da \u00d4micron, em meio a esta epidemia de influenza, \u00e9 uma situa\u00e7\u00e3o que s\u00f3 refor\u00e7a a necessidade do cuidado individual. O refor\u00e7o no uso da m\u00e1scara, na lavagem das m\u00e3os e a atitude de evitar aglomera\u00e7\u00f5es s\u00e3o a\u00e7\u00f5es que salvam vidas. Al\u00e9m disso, se voc\u00ea tiver qualquer sintoma de gripe, procure fazer o teste da Covid-19 e, fundamentalmente, fa\u00e7a o autoisolamento e use a m\u00e1scara, mesmo dentro de casa. A atitude de cada um de n\u00f3s ser\u00e1 determinante para reduzir a circula\u00e7\u00e3o da \u00d4micron em Pernambuco&#8221;, finalizou.<\/p>\n","protected":false},"excerpt":{"rendered":"<p>A Secretaria Estadual de Sa\u00fade (SES-PE) detectou, nesta sexta-feira (07\/01, a circula\u00e7\u00e3o da variante \u00d4micron da Covid-19 em territ\u00f3rio pernambucano.&hellip;<\/p>\n","protected":false},"author":1,"featured_media":79153,"comment_status":"open","ping_status":"open","sticky":false,"template":"","format":"standard","meta":{"footnotes":""},"categories":[14120],"tags":[2,19532,3406,23757],"class_list":["post-79152","post","type-post","status-publish","format-standard","has-post-thumbnail","hentry","category-noticias","tag-blog-do-edvaldo-magalhaes","tag-blog-mais-acessado-e-visualizado-de-caruaru-e-regiao","tag-caruaru","tag-variante-omicron-esta-em-circulacao-em-pernambuco"],"_links":{"self":[{"href":"https:\/\/blogdoedvaldomagalhaes.com.br\/index.php\/wp-json\/wp\/v2\/posts\/79152","targetHints":{"allow":["GET"]}}],"collection":[{"href":"https:\/\/blogdoedvaldomagalhaes.com.br\/index.php\/wp-json\/wp\/v2\/posts"}],"about":[{"href":"https:\/\/blogdoedvaldomagalhaes.com.br\/index.php\/wp-json\/wp\/v2\/types\/post"}],"author":[{"embeddable":true,"href":"https:\/\/blogdoedvaldomagalhaes.com.br\/index.php\/wp-json\/wp\/v2\/users\/1"}],"replies":[{"embeddable":true,"href":"https:\/\/blogdoedvaldomagalhaes.com.br\/index.php\/wp-json\/wp\/v2\/comments?post=79152"}],"version-history":[{"count":3,"href":"https:\/\/blogdoedvaldomagalhaes.com.br\/index.php\/wp-json\/wp\/v2\/posts\/79152\/revisions"}],"predecessor-version":[{"id":79157,"href":"https:\/\/blogdoedvaldomagalhaes.com.br\/index.php\/wp-json\/wp\/v2\/posts\/79152\/revisions\/79157"}],"wp:featuredmedia":[{"embeddable":true,"href":"https:\/\/blogdoedvaldomagalhaes.com.br\/index.php\/wp-json\/wp\/v2\/media\/79153"}],"wp:attachment":[{"href":"https:\/\/blogdoedvaldomagalhaes.com.br\/index.php\/wp-json\/wp\/v2\/media?parent=79152"}],"wp:term":[{"taxonomy":"category","embeddable":true,"href":"https:\/\/blogdoedvaldomagalhaes.com.br\/index.php\/wp-json\/wp\/v2\/categories?post=79152"},{"taxonomy":"post_tag","embeddable":true,"href":"https:\/\/blogdoedvaldomagalhaes.com.br\/index.php\/wp-json\/wp\/v2\/tags?post=79152"}],"curies":[{"name":"wp","href":"https:\/\/api.w.org\/{rel}","templated":true}]}}