{"id":79149,"date":"2022-01-07T19:23:41","date_gmt":"2022-01-07T22:23:41","guid":{"rendered":"https:\/\/blogdoedvaldomagalhaes.com.br\/?p=79149"},"modified":"2022-01-07T21:51:09","modified_gmt":"2022-01-08T00:51:09","slug":"mulher-tem-morte-cerebral-apos-colisao-de-carro-em-moto-na-br-104-em-agrestina","status":"publish","type":"post","link":"https:\/\/blogdoedvaldomagalhaes.com.br\/index.php\/2022\/01\/07\/mulher-tem-morte-cerebral-apos-colisao-de-carro-em-moto-na-br-104-em-agrestina\/","title":{"rendered":"Mulher tem morte cerebral ap\u00f3s colis\u00e3o de carro em moto na BR-104, em Agrestina"},"content":{"rendered":"<p style=\"text-align: justify;\">O acidente ocorreu por volta das 15h15, desta sexta-feira (07), no km 82,2 da BR 104, em Agrestina. U<span style=\"font-size: inherit;\">m carro colidiu em uma motocicleta e saiu do local antes da chegada da viatura.<\/span><\/p>\n<p style=\"text-align: justify;\">De acordo com informa\u00e7\u00f5es colhidas no local pela Pol\u00edcia Rodovi\u00e1ria Federal (PRF), o motorista do carro foi desviar de um cachorro e atingiu a moto.<\/p>\n<p style=\"text-align: justify;\">A condutora da motocicleta Honda Biz, Nic\u00e1ria Maria Babosa, de 30 anos, que viaja sentido Caruaru\/Cupira, ficou ferida e foi encaminhada pelo SAMU ao Hospital Regional do Agreste.<\/p>\n<p style=\"text-align: justify;\">A equipe esteve no hospital e recebeu a informa\u00e7\u00e3o que a condutora teve morte cerebral.<\/p>\n\n\n<figure class=\"wp-block-image size-large\"><img loading=\"lazy\" decoding=\"async\" width=\"960\" height=\"960\" src=\"https:\/\/blogdoedvaldomagalhaes.com.br\/wp-content\/uploads\/2022\/01\/FB_IMG_1641602857647.jpg\" alt=\"\" class=\"wp-image-79160\" srcset=\"https:\/\/blogdoedvaldomagalhaes.com.br\/wp-content\/uploads\/2022\/01\/FB_IMG_1641602857647.jpg 960w, https:\/\/blogdoedvaldomagalhaes.com.br\/wp-content\/uploads\/2022\/01\/FB_IMG_1641602857647-300x300.jpg 300w, https:\/\/blogdoedvaldomagalhaes.com.br\/wp-content\/uploads\/2022\/01\/FB_IMG_1641602857647-150x150.jpg 150w, https:\/\/blogdoedvaldomagalhaes.com.br\/wp-content\/uploads\/2022\/01\/FB_IMG_1641602857647-768x768.jpg 768w\" sizes=\"auto, (max-width: 960px) 100vw, 960px\" \/><figcaption>Nic\u00e1cia Maria Barbosa<\/figcaption><\/figure>\n","protected":false},"excerpt":{"rendered":"<p>O acidente ocorreu por volta das 15h15, desta sexta-feira (07), no km 82,2 da BR 104, em Agrestina. Um carro&hellip;<\/p>\n","protected":false},"author":1,"featured_media":79150,"comment_status":"open","ping_status":"open","sticky":false,"template":"","format":"standard","meta":{"footnotes":""},"categories":[14120],"tags":[2,19532,3406,23756],"class_list":["post-79149","post","type-post","status-publish","format-standard","has-post-thumbnail","hentry","category-noticias","tag-blog-do-edvaldo-magalhaes","tag-blog-mais-acessado-e-visualizado-de-caruaru-e-regiao","tag-caruaru","tag-mulher-tem-morte-cerebral-apos-colisao-de-carro-em-moto-na-br-104-em-agrestina"],"_links":{"self":[{"href":"https:\/\/blogdoedvaldomagalhaes.com.br\/index.php\/wp-json\/wp\/v2\/posts\/79149","targetHints":{"allow":["GET"]}}],"collection":[{"href":"https:\/\/blogdoedvaldomagalhaes.com.br\/index.php\/wp-json\/wp\/v2\/posts"}],"about":[{"href":"https:\/\/blogdoedvaldomagalhaes.com.br\/index.php\/wp-json\/wp\/v2\/types\/post"}],"author":[{"embeddable":true,"href":"https:\/\/blogdoedvaldomagalhaes.com.br\/index.php\/wp-json\/wp\/v2\/users\/1"}],"replies":[{"embeddable":true,"href":"https:\/\/blogdoedvaldomagalhaes.com.br\/index.php\/wp-json\/wp\/v2\/comments?post=79149"}],"version-history":[{"count":4,"href":"https:\/\/blogdoedvaldomagalhaes.com.br\/index.php\/wp-json\/wp\/v2\/posts\/79149\/revisions"}],"predecessor-version":[{"id":79162,"href":"https:\/\/blogdoedvaldomagalhaes.com.br\/index.php\/wp-json\/wp\/v2\/posts\/79149\/revisions\/79162"}],"wp:featuredmedia":[{"embeddable":true,"href":"https:\/\/blogdoedvaldomagalhaes.com.br\/index.php\/wp-json\/wp\/v2\/media\/79150"}],"wp:attachment":[{"href":"https:\/\/blogdoedvaldomagalhaes.com.br\/index.php\/wp-json\/wp\/v2\/media?parent=79149"}],"wp:term":[{"taxonomy":"category","embeddable":true,"href":"https:\/\/blogdoedvaldomagalhaes.com.br\/index.php\/wp-json\/wp\/v2\/categories?post=79149"},{"taxonomy":"post_tag","embeddable":true,"href":"https:\/\/blogdoedvaldomagalhaes.com.br\/index.php\/wp-json\/wp\/v2\/tags?post=79149"}],"curies":[{"name":"wp","href":"https:\/\/api.w.org\/{rel}","templated":true}]}}