{"id":79141,"date":"2022-01-07T16:53:26","date_gmt":"2022-01-07T19:53:26","guid":{"rendered":"https:\/\/blogdoedvaldomagalhaes.com.br\/?p=79141"},"modified":"2022-01-07T18:38:36","modified_gmt":"2022-01-07T21:38:36","slug":"homicidio-homem-e-assassinado-a-tiros-em-caruaru","status":"publish","type":"post","link":"https:\/\/blogdoedvaldomagalhaes.com.br\/index.php\/2022\/01\/07\/homicidio-homem-e-assassinado-a-tiros-em-caruaru\/","title":{"rendered":"Homic\u00eddio: Homem \u00e9 assassinado a tiros em Caruaru"},"content":{"rendered":"<div style=\"text-align: justify;\">Mais um homic\u00eddio foi registrado em Caruaru. Segundo informa\u00e7\u00f5es da pol\u00edcia, Keller Jhoon Alan Pereira, 25 anos de idade, foi assassinado a tiros na Travessa do Pac\u00edfico, no bairro Santa Rosa, na tarde desta sexta-feira (07).<\/div>\n<p style=\"text-align: justify;\">De acordo com a pol\u00edcia, os algozes chegaram em carro e\u00a0 executaram a v\u00edtima com v\u00e1rios disparos de arma de fogo. Alan ainda correu e entrou em uma farm\u00e1cia para tentar se livrar das balas, mas foi alcan\u00e7ado e morto. O corpo foi encaminhado para o IML.<\/p>\n<p style=\"text-align: justify;\">Este foi o 4\u00b0 homic\u00eddio no ano de 2022, em Caruaru.<\/p>\n\n\n<figure class=\"wp-block-image size-large\"><img loading=\"lazy\" decoding=\"async\" width=\"229\" height=\"574\" src=\"https:\/\/blogdoedvaldomagalhaes.com.br\/wp-content\/uploads\/2022\/01\/IMG-20220107-WA02522.jpg\" alt=\"\" class=\"wp-image-79144\" srcset=\"https:\/\/blogdoedvaldomagalhaes.com.br\/wp-content\/uploads\/2022\/01\/IMG-20220107-WA02522.jpg 229w, https:\/\/blogdoedvaldomagalhaes.com.br\/wp-content\/uploads\/2022\/01\/IMG-20220107-WA02522-120x300.jpg 120w\" sizes=\"auto, (max-width: 229px) 100vw, 229px\" \/><figcaption>Keller Jhoon Alan Pereira<\/figcaption><\/figure>\n","protected":false},"excerpt":{"rendered":"<p>Mais um homic\u00eddio foi registrado em Caruaru. Segundo informa\u00e7\u00f5es da pol\u00edcia, Keller Jhoon Alan Pereira, 25 anos de idade, foi&hellip;<\/p>\n","protected":false},"author":1,"featured_media":79142,"comment_status":"open","ping_status":"open","sticky":false,"template":"","format":"standard","meta":{"footnotes":""},"categories":[14121],"tags":[2,19532,3406,23755],"class_list":["post-79141","post","type-post","status-publish","format-standard","has-post-thumbnail","hentry","category-policial","tag-blog-do-edvaldo-magalhaes","tag-blog-mais-acessado-e-visualizado-de-caruaru-e-regiao","tag-caruaru","tag-homicidio-homem-e-assassinado-a-tiros-em-caruaru"],"_links":{"self":[{"href":"https:\/\/blogdoedvaldomagalhaes.com.br\/index.php\/wp-json\/wp\/v2\/posts\/79141","targetHints":{"allow":["GET"]}}],"collection":[{"href":"https:\/\/blogdoedvaldomagalhaes.com.br\/index.php\/wp-json\/wp\/v2\/posts"}],"about":[{"href":"https:\/\/blogdoedvaldomagalhaes.com.br\/index.php\/wp-json\/wp\/v2\/types\/post"}],"author":[{"embeddable":true,"href":"https:\/\/blogdoedvaldomagalhaes.com.br\/index.php\/wp-json\/wp\/v2\/users\/1"}],"replies":[{"embeddable":true,"href":"https:\/\/blogdoedvaldomagalhaes.com.br\/index.php\/wp-json\/wp\/v2\/comments?post=79141"}],"version-history":[{"count":4,"href":"https:\/\/blogdoedvaldomagalhaes.com.br\/index.php\/wp-json\/wp\/v2\/posts\/79141\/revisions"}],"predecessor-version":[{"id":79148,"href":"https:\/\/blogdoedvaldomagalhaes.com.br\/index.php\/wp-json\/wp\/v2\/posts\/79141\/revisions\/79148"}],"wp:featuredmedia":[{"embeddable":true,"href":"https:\/\/blogdoedvaldomagalhaes.com.br\/index.php\/wp-json\/wp\/v2\/media\/79142"}],"wp:attachment":[{"href":"https:\/\/blogdoedvaldomagalhaes.com.br\/index.php\/wp-json\/wp\/v2\/media?parent=79141"}],"wp:term":[{"taxonomy":"category","embeddable":true,"href":"https:\/\/blogdoedvaldomagalhaes.com.br\/index.php\/wp-json\/wp\/v2\/categories?post=79141"},{"taxonomy":"post_tag","embeddable":true,"href":"https:\/\/blogdoedvaldomagalhaes.com.br\/index.php\/wp-json\/wp\/v2\/tags?post=79141"}],"curies":[{"name":"wp","href":"https:\/\/api.w.org\/{rel}","templated":true}]}}