{"id":79138,"date":"2022-01-07T15:41:53","date_gmt":"2022-01-07T18:41:53","guid":{"rendered":"https:\/\/blogdoedvaldomagalhaes.com.br\/?p=79138"},"modified":"2022-01-07T15:41:54","modified_gmt":"2022-01-07T18:41:54","slug":"criancada-de-caruaru-tera-mais-um-brincando-na-estacao-neste-domingo-9","status":"publish","type":"post","link":"https:\/\/blogdoedvaldomagalhaes.com.br\/index.php\/2022\/01\/07\/criancada-de-caruaru-tera-mais-um-brincando-na-estacao-neste-domingo-9\/","title":{"rendered":"Crian\u00e7ada de Caruaru ter\u00e1 mais um &#8220;Brincando na Esta\u00e7\u00e3o&#8221;, neste domingo (9)"},"content":{"rendered":"<p style=\"text-align: justify;\"><span style=\"font-size: inherit;\">A tarde de domingo \u00e9 com divers\u00e3o garantida para a crian\u00e7ada. No pr\u00f3ximo dia 9 de janeiro, ser\u00e1 realizado o &#8220;Brincando na Esta\u00e7\u00e3o&#8221;, a partir das 15h. A a\u00e7\u00e3o \u00e9 da Prefeitura de Caruaru, por meio da Funda\u00e7\u00e3o de Cultura. As crian\u00e7as contar\u00e3o com recrea\u00e7\u00e3o com a Turma da Kika, apresenta\u00e7\u00e3o de Gabriela Kponits &#8211; A cigana contadora de est\u00f3rias, pula-pula, Cine Esta\u00e7\u00e3o e muito mais.<\/span><\/p>\n<p style=\"text-align: justify;\">Ap\u00f3s passar por uma requalifica\u00e7\u00e3o, o P\u00e1tio da Esta\u00e7\u00e3o Ferrovi\u00e1ria agora faz conex\u00e3o com a Via Parque e \u00e9 aproveitado pelos caruaruenses e visitantes. Depois de receber a programa\u00e7\u00e3o do Caruaru Terra Natal, a decora\u00e7\u00e3o do per\u00edodo natalino ser\u00e1 retirada ap\u00f3s o pr\u00f3ximo domingo (9).<\/p>\n","protected":false},"excerpt":{"rendered":"<p>A tarde de domingo \u00e9 com divers\u00e3o garantida para a crian\u00e7ada. No pr\u00f3ximo dia 9 de janeiro, ser\u00e1 realizado o&hellip;<\/p>\n","protected":false},"author":1,"featured_media":79139,"comment_status":"open","ping_status":"open","sticky":false,"template":"","format":"standard","meta":{"footnotes":""},"categories":[14120],"tags":[2,19532,3406,23754],"class_list":["post-79138","post","type-post","status-publish","format-standard","has-post-thumbnail","hentry","category-noticias","tag-blog-do-edvaldo-magalhaes","tag-blog-mais-acessado-e-visualizado-de-caruaru-e-regiao","tag-caruaru","tag-criancada-de-caruaru-tera-mais-um-brincando-na-estacao-neste-domingo-9"],"_links":{"self":[{"href":"https:\/\/blogdoedvaldomagalhaes.com.br\/index.php\/wp-json\/wp\/v2\/posts\/79138","targetHints":{"allow":["GET"]}}],"collection":[{"href":"https:\/\/blogdoedvaldomagalhaes.com.br\/index.php\/wp-json\/wp\/v2\/posts"}],"about":[{"href":"https:\/\/blogdoedvaldomagalhaes.com.br\/index.php\/wp-json\/wp\/v2\/types\/post"}],"author":[{"embeddable":true,"href":"https:\/\/blogdoedvaldomagalhaes.com.br\/index.php\/wp-json\/wp\/v2\/users\/1"}],"replies":[{"embeddable":true,"href":"https:\/\/blogdoedvaldomagalhaes.com.br\/index.php\/wp-json\/wp\/v2\/comments?post=79138"}],"version-history":[{"count":1,"href":"https:\/\/blogdoedvaldomagalhaes.com.br\/index.php\/wp-json\/wp\/v2\/posts\/79138\/revisions"}],"predecessor-version":[{"id":79140,"href":"https:\/\/blogdoedvaldomagalhaes.com.br\/index.php\/wp-json\/wp\/v2\/posts\/79138\/revisions\/79140"}],"wp:featuredmedia":[{"embeddable":true,"href":"https:\/\/blogdoedvaldomagalhaes.com.br\/index.php\/wp-json\/wp\/v2\/media\/79139"}],"wp:attachment":[{"href":"https:\/\/blogdoedvaldomagalhaes.com.br\/index.php\/wp-json\/wp\/v2\/media?parent=79138"}],"wp:term":[{"taxonomy":"category","embeddable":true,"href":"https:\/\/blogdoedvaldomagalhaes.com.br\/index.php\/wp-json\/wp\/v2\/categories?post=79138"},{"taxonomy":"post_tag","embeddable":true,"href":"https:\/\/blogdoedvaldomagalhaes.com.br\/index.php\/wp-json\/wp\/v2\/tags?post=79138"}],"curies":[{"name":"wp","href":"https:\/\/api.w.org\/{rel}","templated":true}]}}